{"id":10888,"date":"2025-07-17T09:31:48","date_gmt":"2025-07-17T13:31:48","guid":{"rendered":"https:\/\/stbnoticias.com\/?p=10888"},"modified":"2025-07-17T09:31:48","modified_gmt":"2025-07-17T13:31:48","slug":"rafael-tata-quispe-sentenciado-a-dos-anos-y-diez-meses-de-carcel-por-acoso-politico","status":"publish","type":"post","link":"https:\/\/stbnoticias.com\/index.php\/2025\/07\/17\/rafael-tata-quispe-sentenciado-a-dos-anos-y-diez-meses-de-carcel-por-acoso-politico\/","title":{"rendered":"Rafael \u201cTata\u201d Quispe, sentenciado a dos a\u00f1os y diez meses de c\u00e1rcel por acoso pol\u00edtico"},"content":{"rendered":"\n<p><em><strong>El exdiputado considera que el proceso penal en su contra responde a las denuncias que hizo por las irregularidades en el Fondo ind\u00edgena<\/strong><\/em><\/p>\n\n\n\n<figure class=\"wp-block-image size-full\"><img loading=\"lazy\" decoding=\"async\" width=\"980\" height=\"571\" src=\"https:\/\/stbnoticias.com\/wp-content\/uploads\/2025\/07\/image-12.png\" alt=\"\" class=\"wp-image-10889\" srcset=\"https:\/\/stbnoticias.com\/wp-content\/uploads\/2025\/07\/image-12.png 980w, https:\/\/stbnoticias.com\/wp-content\/uploads\/2025\/07\/image-12-300x175.png 300w, https:\/\/stbnoticias.com\/wp-content\/uploads\/2025\/07\/image-12-768x447.png 768w\" sizes=\"auto, (max-width: 980px) 100vw, 980px\" \/><\/figure>\n\n\n\n<p>El Juzgado Cuarto de Ejecuci\u00f3n Penal de La Paz dispuso dos a\u00f1os y diez meses de c\u00e1rcel para el exdiputado Rafael \u201cTata\u201d Quispe, por el delito de acoso pol\u00edtico contra mujeres, inform\u00f3 este mi\u00e9rcoles el portal Urgente.&nbsp;<\/p>\n\n\n\n<p>De acuerdo a la resoluci\u00f3n 281, del 2024, Quispe debe cumplir su sentencia en el recinto penitenciario de San Pedro y tiene orden de captura.<\/p>\n\n\n\n<p>\u201cPor haber denunciado el tema del Fondo ind\u00edgena, me han seguido un proceso penal, la se\u00f1ora Felipa Huanca, por acoso y violencia pol\u00edtica y he sido sentenciado y ejecutoriado (\u2026) y tengo orden de captura\u201d, expuso Quispe a Fides.<\/p>\n\n\n\n<p>A\u00f1adi\u00f3 que el procedimiento penal indica que si \u00e9l acepta su culpa, no entrar\u00e1 a la c\u00e1rcel. \u201cNo lo voy a aceptar, usted ha debido ver que camino por la calle, que lo hagan (su captura), yo nunca me he escapado\u201d, agreg\u00f3.&nbsp;<\/p>\n\n\n\n<p>El caso Fondo ind\u00edgena&nbsp;<\/p>\n\n\n\n<p>Quispe sostuvo que ser\u00e1n m\u00e1s de 15 a\u00f1os desde la denuncia sobre el fondo ind\u00edgena y asegur\u00f3 que hay m\u00e1s de 100 personas involucradas que no fueron investigadas.<\/p>\n\n\n\n<p>Mencion\u00f3 que Felipa Huancayo estuvo involucrada, pero no figura como involucrada, al igual que Juanita Ancieta. \u201c\u00bfPor qu\u00e9 no est\u00e1 Felipa Huanca? Ahora est\u00e1 trabajando en el Estado, los otros 153 est\u00e1n al lado del poder, por eso no est\u00e1n (involucrados)\u201d, dijo.<\/p>\n","protected":false},"excerpt":{"rendered":"<p>El exdiputado considera que el proceso penal en su contra responde a las denuncias que hizo por las irregularidades en el Fondo ind\u00edgena El Juzgado Cuarto de Ejecuci\u00f3n Penal de La Paz dispuso dos a\u00f1os y diez meses de c\u00e1rcel para el exdiputado Rafael \u201cTata\u201d Quispe, por el delito de acoso pol\u00edtico contra mujeres, inform\u00f3 [&hellip;]<\/p>\n","protected":false},"author":1,"featured_media":10889,"comment_status":"closed","ping_status":"closed","sticky":false,"template":"","format":"standard","meta":{"fifu_image_url":"","fifu_image_alt":"","footnotes":""},"categories":[22,30],"tags":[],"class_list":["post-10888","post","type-post","status-publish","format-standard","has-post-thumbnail","hentry","category-bolivia","category-politica"],"_links":{"self":[{"href":"https:\/\/stbnoticias.com\/index.php\/wp-json\/wp\/v2\/posts\/10888","targetHints":{"allow":["GET"]}}],"collection":[{"href":"https:\/\/stbnoticias.com\/index.php\/wp-json\/wp\/v2\/posts"}],"about":[{"href":"https:\/\/stbnoticias.com\/index.php\/wp-json\/wp\/v2\/types\/post"}],"author":[{"embeddable":true,"href":"https:\/\/stbnoticias.com\/index.php\/wp-json\/wp\/v2\/users\/1"}],"replies":[{"embeddable":true,"href":"https:\/\/stbnoticias.com\/index.php\/wp-json\/wp\/v2\/comments?post=10888"}],"version-history":[{"count":1,"href":"https:\/\/stbnoticias.com\/index.php\/wp-json\/wp\/v2\/posts\/10888\/revisions"}],"predecessor-version":[{"id":10890,"href":"https:\/\/stbnoticias.com\/index.php\/wp-json\/wp\/v2\/posts\/10888\/revisions\/10890"}],"wp:featuredmedia":[{"embeddable":true,"href":"https:\/\/stbnoticias.com\/index.php\/wp-json\/wp\/v2\/media\/10889"}],"wp:attachment":[{"href":"https:\/\/stbnoticias.com\/index.php\/wp-json\/wp\/v2\/media?parent=10888"}],"wp:term":[{"taxonomy":"category","embeddable":true,"href":"https:\/\/stbnoticias.com\/index.php\/wp-json\/wp\/v2\/categories?post=10888"},{"taxonomy":"post_tag","embeddable":true,"href":"https:\/\/stbnoticias.com\/index.php\/wp-json\/wp\/v2\/tags?post=10888"}],"curies":[{"name":"wp","href":"https:\/\/api.w.org\/{rel}","templated":true}]}}