{"id":10891,"date":"2025-07-17T09:47:11","date_gmt":"2025-07-17T13:47:11","guid":{"rendered":"https:\/\/stbnoticias.com\/?p=10891"},"modified":"2025-07-17T09:47:11","modified_gmt":"2025-07-17T13:47:11","slug":"temperaturas-bajo-cero-y-heladas-el-pronostico-del-senamhi-para-tarija","status":"publish","type":"post","link":"https:\/\/stbnoticias.com\/index.php\/2025\/07\/17\/temperaturas-bajo-cero-y-heladas-el-pronostico-del-senamhi-para-tarija\/","title":{"rendered":"TEMPERATURAS BAJO CERO Y HELADAS, EL PRON\u00d3STICO DEL SENAMHI PARA TARIJA"},"content":{"rendered":"\n<p>Carla Rojas, responsable del Servicio Nacional de Meteorolog\u00eda e Hidrolog\u00eda (Senamhi) <a><\/a>confirm\u00f3 el ingreso de un frente fr\u00edo desde la noche de este mi\u00e9rcoles 16 de julio.<\/p>\n\n\n\n<figure class=\"wp-block-image size-full\"><img loading=\"lazy\" decoding=\"async\" width=\"720\" height=\"526\" src=\"https:\/\/stbnoticias.com\/wp-content\/uploads\/2025\/07\/image-13.png\" alt=\"\" class=\"wp-image-10892\" srcset=\"https:\/\/stbnoticias.com\/wp-content\/uploads\/2025\/07\/image-13.png 720w, https:\/\/stbnoticias.com\/wp-content\/uploads\/2025\/07\/image-13-300x219.png 300w\" sizes=\"auto, (max-width: 720px) 100vw, 720px\" \/><\/figure>\n\n\n\n<p>La temperatura m\u00ednima de esta jornada fue de 7 grados. \u201cEst\u00e1 por ingresar un frente fr\u00edo, por la noche ya estar\u00e1n las temperaturas bajas en los valles de Tarija, afectando sobre todo en la zona alta, con temperaturas bajo cero y la presencia de algunas heladas\u201d, detall\u00f3.<\/p>\n\n\n\n<p>Rojas dijo que este clima se mantendr\u00e1 hasta 18 de julio. Sin embargo, para el 24 de julio se prev\u00e9 un nuevo descenso de temperaturas.<\/p>\n\n\n\n<p>\u201cLa semana pasada hubo el ingreso de una masa de aire caliente, que a\u00fan permanece en Bolivia, pero ya est\u00e1 ingresando nuevamente este frente fr\u00edo, que llega desde Polo Sur y que afectar\u00e1 directamente a Tarija y Santa Cruz\u201d, indic\u00f3.<\/p>\n","protected":false},"excerpt":{"rendered":"<p>Carla Rojas, responsable del Servicio Nacional de Meteorolog\u00eda e Hidrolog\u00eda (Senamhi) confirm\u00f3 el ingreso de un frente fr\u00edo desde la noche de este mi\u00e9rcoles 16 de julio. La temperatura m\u00ednima de esta jornada fue de 7 grados. \u201cEst\u00e1 por ingresar un frente fr\u00edo, por la noche ya estar\u00e1n las temperaturas bajas en los valles de [&hellip;]<\/p>\n","protected":false},"author":1,"featured_media":10892,"comment_status":"closed","ping_status":"closed","sticky":false,"template":"","format":"standard","meta":{"fifu_image_url":"","fifu_image_alt":"","footnotes":""},"categories":[22,30],"tags":[],"class_list":["post-10891","post","type-post","status-publish","format-standard","has-post-thumbnail","hentry","category-bolivia","category-politica"],"_links":{"self":[{"href":"https:\/\/stbnoticias.com\/index.php\/wp-json\/wp\/v2\/posts\/10891","targetHints":{"allow":["GET"]}}],"collection":[{"href":"https:\/\/stbnoticias.com\/index.php\/wp-json\/wp\/v2\/posts"}],"about":[{"href":"https:\/\/stbnoticias.com\/index.php\/wp-json\/wp\/v2\/types\/post"}],"author":[{"embeddable":true,"href":"https:\/\/stbnoticias.com\/index.php\/wp-json\/wp\/v2\/users\/1"}],"replies":[{"embeddable":true,"href":"https:\/\/stbnoticias.com\/index.php\/wp-json\/wp\/v2\/comments?post=10891"}],"version-history":[{"count":1,"href":"https:\/\/stbnoticias.com\/index.php\/wp-json\/wp\/v2\/posts\/10891\/revisions"}],"predecessor-version":[{"id":10893,"href":"https:\/\/stbnoticias.com\/index.php\/wp-json\/wp\/v2\/posts\/10891\/revisions\/10893"}],"wp:featuredmedia":[{"embeddable":true,"href":"https:\/\/stbnoticias.com\/index.php\/wp-json\/wp\/v2\/media\/10892"}],"wp:attachment":[{"href":"https:\/\/stbnoticias.com\/index.php\/wp-json\/wp\/v2\/media?parent=10891"}],"wp:term":[{"taxonomy":"category","embeddable":true,"href":"https:\/\/stbnoticias.com\/index.php\/wp-json\/wp\/v2\/categories?post=10891"},{"taxonomy":"post_tag","embeddable":true,"href":"https:\/\/stbnoticias.com\/index.php\/wp-json\/wp\/v2\/tags?post=10891"}],"curies":[{"name":"wp","href":"https:\/\/api.w.org\/{rel}","templated":true}]}}