{"id":10897,"date":"2025-07-15T09:49:55","date_gmt":"2025-07-15T13:49:55","guid":{"rendered":"https:\/\/stbnoticias.com\/?p=10897"},"modified":"2025-07-17T09:50:05","modified_gmt":"2025-07-17T13:50:05","slug":"evistas-dicen-que-nina-no-los-representa-y-se-desligan-de-sus-declaraciones","status":"publish","type":"post","link":"https:\/\/stbnoticias.com\/index.php\/2025\/07\/15\/evistas-dicen-que-nina-no-los-representa-y-se-desligan-de-sus-declaraciones\/","title":{"rendered":"| EVISTAS DICEN QUE NINA NO LOS REPRESENTA Y SE DESLIGAN DE SUS DECLARACIONES"},"content":{"rendered":"\n<p>Las repercusiones y cr\u00edticas en torno a Ruth Nina, acerca de sus amenazas <a><\/a>sobre el d\u00eda de las elecciones presidenciales, no terminan; ahora, el entorno de Evo Morales asegura que habl\u00f3 a t\u00edtulo personal y que no representa el sentir de los seguidores del expresidente.<\/p>\n\n\n\n<figure class=\"wp-block-image size-full\"><img loading=\"lazy\" decoding=\"async\" width=\"960\" height=\"533\" src=\"https:\/\/stbnoticias.com\/wp-content\/uploads\/2025\/07\/image-15.png\" alt=\"\" class=\"wp-image-10898\" srcset=\"https:\/\/stbnoticias.com\/wp-content\/uploads\/2025\/07\/image-15.png 960w, https:\/\/stbnoticias.com\/wp-content\/uploads\/2025\/07\/image-15-300x167.png 300w, https:\/\/stbnoticias.com\/wp-content\/uploads\/2025\/07\/image-15-768x426.png 768w\" sizes=\"auto, (max-width: 960px) 100vw, 960px\" \/><\/figure>\n\n\n\n<p>\u201cRuth Nina representa al partido de Pan-Bol, no representa al movimiento ind\u00edgena originario campesino, nosotros tenemos nuestros propios voceros, nuestra propia voz\u201d, dijo el dirigente evista Nelson Virreira.<\/p>\n\n\n\n<p>El fin de semana, en un ampliado de Evo Pueblo, Ruth Nina, dirigente de Pan-Bol, asever\u00f3 que el 17 de agosto, el Tribunal Supremo Electoral (TSE) y el Gobierno no contar\u00e1n votos, sino muertos. Al d\u00eda siguiente, asegur\u00f3 que malinterpretaron sus palabras, pero reafirm\u00f3 su postura y asegur\u00f3 que representa el pensamiento de las organizaciones ind\u00edgenas campesinos.<\/p>\n\n\n\n<p>No obstante, Virreira aclar\u00f3 que el \u00fanico acuerdo que se tiene con Pan-Bol es la inscripci\u00f3n de Evo Morales como candidato presidencial y descart\u00f3 que haya m\u00e1s pactos.<\/p>\n\n\n\n<p>\u201cSon aseveraciones estrictamente personales, que no representan a Evo Pueblo como organizaci\u00f3n pol\u00edtica, mucho menos al movimiento ind\u00edgena originario campesino\u201d, a\u00f1adi\u00f3 el dirigente.<\/p>\n","protected":false},"excerpt":{"rendered":"<p>Las repercusiones y cr\u00edticas en torno a Ruth Nina, acerca de sus amenazas sobre el d\u00eda de las elecciones presidenciales, no terminan; ahora, el entorno de Evo Morales asegura que habl\u00f3 a t\u00edtulo personal y que no representa el sentir de los seguidores del expresidente. \u201cRuth Nina representa al partido de Pan-Bol, no representa al [&hellip;]<\/p>\n","protected":false},"author":1,"featured_media":10898,"comment_status":"closed","ping_status":"closed","sticky":false,"template":"","format":"standard","meta":{"fifu_image_url":"","fifu_image_alt":"","footnotes":""},"categories":[22],"tags":[],"class_list":["post-10897","post","type-post","status-publish","format-standard","has-post-thumbnail","hentry","category-bolivia"],"_links":{"self":[{"href":"https:\/\/stbnoticias.com\/index.php\/wp-json\/wp\/v2\/posts\/10897","targetHints":{"allow":["GET"]}}],"collection":[{"href":"https:\/\/stbnoticias.com\/index.php\/wp-json\/wp\/v2\/posts"}],"about":[{"href":"https:\/\/stbnoticias.com\/index.php\/wp-json\/wp\/v2\/types\/post"}],"author":[{"embeddable":true,"href":"https:\/\/stbnoticias.com\/index.php\/wp-json\/wp\/v2\/users\/1"}],"replies":[{"embeddable":true,"href":"https:\/\/stbnoticias.com\/index.php\/wp-json\/wp\/v2\/comments?post=10897"}],"version-history":[{"count":1,"href":"https:\/\/stbnoticias.com\/index.php\/wp-json\/wp\/v2\/posts\/10897\/revisions"}],"predecessor-version":[{"id":10899,"href":"https:\/\/stbnoticias.com\/index.php\/wp-json\/wp\/v2\/posts\/10897\/revisions\/10899"}],"wp:featuredmedia":[{"embeddable":true,"href":"https:\/\/stbnoticias.com\/index.php\/wp-json\/wp\/v2\/media\/10898"}],"wp:attachment":[{"href":"https:\/\/stbnoticias.com\/index.php\/wp-json\/wp\/v2\/media?parent=10897"}],"wp:term":[{"taxonomy":"category","embeddable":true,"href":"https:\/\/stbnoticias.com\/index.php\/wp-json\/wp\/v2\/categories?post=10897"},{"taxonomy":"post_tag","embeddable":true,"href":"https:\/\/stbnoticias.com\/index.php\/wp-json\/wp\/v2\/tags?post=10897"}],"curies":[{"name":"wp","href":"https:\/\/api.w.org\/{rel}","templated":true}]}}