{"id":10909,"date":"2025-07-18T10:22:51","date_gmt":"2025-07-18T14:22:51","guid":{"rendered":"https:\/\/stbnoticias.com\/?p=10909"},"modified":"2025-07-18T10:22:51","modified_gmt":"2025-07-18T14:22:51","slug":"andronico-prioriza-el-contacto-con-la-gente-en-la-calle-y-no-los-encuentros-politicos-segun-ajpi","status":"publish","type":"post","link":"https:\/\/stbnoticias.com\/index.php\/2025\/07\/18\/andronico-prioriza-el-contacto-con-la-gente-en-la-calle-y-no-los-encuentros-politicos-segun-ajpi\/","title":{"rendered":"ANDR\u00d3NICO PRIORIZA EL CONTACTO CON LA GENTE EN LA CALLE Y NO LOS ENCUENTROS POL\u00cdTICOS, SEG\u00daN AJPI"},"content":{"rendered":"\n<p>El senador F\u00e9lix Ajpi, parte del equipo del candidato <a><\/a>presidencial Andr\u00f3nico Rodr\u00edguez por Alianza Popular, indic\u00f3 que el pol\u00edtico prioriza el trabajo territorial y el contacto directo con la poblaci\u00f3n en la calle que los debates o foros organizados por instituciones.<\/p>\n\n\n\n<figure class=\"wp-block-image size-full\"><img loading=\"lazy\" decoding=\"async\" width=\"843\" height=\"535\" src=\"https:\/\/stbnoticias.com\/wp-content\/uploads\/2025\/07\/image-19.png\" alt=\"\" class=\"wp-image-10910\" srcset=\"https:\/\/stbnoticias.com\/wp-content\/uploads\/2025\/07\/image-19.png 843w, https:\/\/stbnoticias.com\/wp-content\/uploads\/2025\/07\/image-19-300x190.png 300w, https:\/\/stbnoticias.com\/wp-content\/uploads\/2025\/07\/image-19-768x487.png 768w\" sizes=\"auto, (max-width: 843px) 100vw, 843px\" \/><\/figure>\n\n\n\n<p>\u201cEl \u00d3rgano Electoral no ha dicho que todo el mundo realice sus debates, sus foros (\u2026), se asiste en la medida de nuestras posibilidades de tiempo y asistir a todas es humanamente imposible (\u2026). No es por la incapacidad ni por miedo al debate\u201d, asegur\u00f3 Ajpi.<\/p>\n\n\n\n<p>El senador se\u00f1al\u00f3 que Rodr\u00edguez mantiene una campa\u00f1a activa centrada en las bases sociales escuchando sus necesidades y consensuando su plan de gobierno, ya que reci\u00e9n la empez\u00f3 oficialmente el 28 de junio y que a\u00fan est\u00e1n en pleno proceso de articulaci\u00f3n con los sectores a un mes de las elecciones generales.<\/p>\n\n\n\n<p>\u201cAndr\u00f3nico no fue nombrado en cuatro paredes, fue una exigencia de los sectores sociales bajo documento, resoluciones y solicitudes para que sea candidato y tard\u00edamente determin\u00f3 serlo (\u2026) y nosotros tenemos que llegar a los sectores sociales que han exigido que sea candidato. Entonces eso nos limita a asistir a todos los foros convocados, pero es una pandemia de foros, debates 24-7, entonces dif\u00edcilmente se puede asistir\u201d, reiter\u00f3.<\/p>\n\n\n\n<p>Rodr\u00edguez es criticado por no asistir a todos los espacios de debate, sin embargo, Ajpi garantiz\u00f3 que el candidato estar\u00e1 presente en los encuentros organizados oficialmente por el Tribunal Supremo Electoral (TSE). \u201cEso s\u00ed, lo que es el debate oficial que va a convocar el \u00d3rgano Electoral, estaremos presentes nosotros\u201d, dijo.<\/p>\n\n\n\n<p>Este mi\u00e9rcoles El Deber lanz\u00f3 la segunda encuesta realizada por la consultora Spie Consulting en la cual Andr\u00f3nico baj\u00f3 su porcentaje de intenci\u00f3n de voto de 14,7% al 8,26% y fue desplazado por Manfred Reyes Villa de S\u00famate quien ahora se concentra en el tercer puesto.<\/p>\n","protected":false},"excerpt":{"rendered":"<p>El senador F\u00e9lix Ajpi, parte del equipo del candidato presidencial Andr\u00f3nico Rodr\u00edguez por Alianza Popular, indic\u00f3 que el pol\u00edtico prioriza el trabajo territorial y el contacto directo con la poblaci\u00f3n en la calle que los debates o foros organizados por instituciones. \u201cEl \u00d3rgano Electoral no ha dicho que todo el mundo realice sus debates, sus [&hellip;]<\/p>\n","protected":false},"author":1,"featured_media":10910,"comment_status":"closed","ping_status":"closed","sticky":false,"template":"","format":"standard","meta":{"fifu_image_url":"","fifu_image_alt":"","footnotes":""},"categories":[22,30],"tags":[],"class_list":["post-10909","post","type-post","status-publish","format-standard","has-post-thumbnail","hentry","category-bolivia","category-politica"],"_links":{"self":[{"href":"https:\/\/stbnoticias.com\/index.php\/wp-json\/wp\/v2\/posts\/10909","targetHints":{"allow":["GET"]}}],"collection":[{"href":"https:\/\/stbnoticias.com\/index.php\/wp-json\/wp\/v2\/posts"}],"about":[{"href":"https:\/\/stbnoticias.com\/index.php\/wp-json\/wp\/v2\/types\/post"}],"author":[{"embeddable":true,"href":"https:\/\/stbnoticias.com\/index.php\/wp-json\/wp\/v2\/users\/1"}],"replies":[{"embeddable":true,"href":"https:\/\/stbnoticias.com\/index.php\/wp-json\/wp\/v2\/comments?post=10909"}],"version-history":[{"count":1,"href":"https:\/\/stbnoticias.com\/index.php\/wp-json\/wp\/v2\/posts\/10909\/revisions"}],"predecessor-version":[{"id":10911,"href":"https:\/\/stbnoticias.com\/index.php\/wp-json\/wp\/v2\/posts\/10909\/revisions\/10911"}],"wp:featuredmedia":[{"embeddable":true,"href":"https:\/\/stbnoticias.com\/index.php\/wp-json\/wp\/v2\/media\/10910"}],"wp:attachment":[{"href":"https:\/\/stbnoticias.com\/index.php\/wp-json\/wp\/v2\/media?parent=10909"}],"wp:term":[{"taxonomy":"category","embeddable":true,"href":"https:\/\/stbnoticias.com\/index.php\/wp-json\/wp\/v2\/categories?post=10909"},{"taxonomy":"post_tag","embeddable":true,"href":"https:\/\/stbnoticias.com\/index.php\/wp-json\/wp\/v2\/tags?post=10909"}],"curies":[{"name":"wp","href":"https:\/\/api.w.org\/{rel}","templated":true}]}}