{"id":10912,"date":"2025-07-18T10:23:41","date_gmt":"2025-07-18T14:23:41","guid":{"rendered":"https:\/\/stbnoticias.com\/?p=10912"},"modified":"2025-07-18T10:23:42","modified_gmt":"2025-07-18T14:23:42","slug":"nina-sufre-graves-quemaduras-al-caerle-una-olla-de-te-hirviendo-en-la-verbena-pacena","status":"publish","type":"post","link":"https:\/\/stbnoticias.com\/index.php\/2025\/07\/18\/nina-sufre-graves-quemaduras-al-caerle-una-olla-de-te-hirviendo-en-la-verbena-pacena\/","title":{"rendered":"NI\u00d1A SUFRE GRAVES QUEMADURAS AL CAERLE UNA OLLA DE T\u00c9 HIRVIENDO EN LA VERBENA PACE\u00d1A"},"content":{"rendered":"\n<p>El lamentable hecho se suscit\u00f3 la noche del 15 de julio en medio de la <a><\/a>verbena pace\u00f1a, donde una ni\u00f1a de 9 a\u00f1os result\u00f3 gravemente afectada, y con quemaduras, despu\u00e9s de que una olla de t\u00e9 hirviendo cayera en su humanidad.<\/p>\n\n\n\n<figure class=\"wp-block-image size-full\"><img loading=\"lazy\" decoding=\"async\" width=\"800\" height=\"450\" src=\"https:\/\/stbnoticias.com\/wp-content\/uploads\/2025\/07\/image-20.png\" alt=\"\" class=\"wp-image-10913\" srcset=\"https:\/\/stbnoticias.com\/wp-content\/uploads\/2025\/07\/image-20.png 800w, https:\/\/stbnoticias.com\/wp-content\/uploads\/2025\/07\/image-20-300x169.png 300w, https:\/\/stbnoticias.com\/wp-content\/uploads\/2025\/07\/image-20-768x432.png 768w\" sizes=\"auto, (max-width: 800px) 100vw, 800px\" \/><\/figure>\n\n\n\n<p>Las im\u00e1genes fueron compartidas en redes sociales, seg\u00fan describen los testigos del hecho, la olla de t\u00e9 hirviendo cay\u00f3 encima de la ni\u00f1a, debido a empujones que se suscitaron entre los asistentes.<\/p>\n\n\n\n<p>Una comerciante preparaba un t\u00e9, para venderlo entre los presentes, y tras los empujones este cay\u00f3 sobre la ni\u00f1a, de manera inmediata algunas personas intentaron socorrer a la menor, incluso se quemaron al sujetarla.<\/p>\n\n\n\n<p>El terrible incidente caus\u00f3 consternaci\u00f3n entre los internautas, ya que se\u00f1alan que es irresponsable llevar a menores de edad a este tipo de eventos, que a\u00f1o tras a\u00f1o se ven repletos de personas que asisten.<\/p>\n\n\n\n<p>Por el momento se desconoce el estado de salud de la menor.<\/p>\n","protected":false},"excerpt":{"rendered":"<p>El lamentable hecho se suscit\u00f3 la noche del 15 de julio en medio de la verbena pace\u00f1a, donde una ni\u00f1a de 9 a\u00f1os result\u00f3 gravemente afectada, y con quemaduras, despu\u00e9s de que una olla de t\u00e9 hirviendo cayera en su humanidad. Las im\u00e1genes fueron compartidas en redes sociales, seg\u00fan describen los testigos del hecho, la [&hellip;]<\/p>\n","protected":false},"author":1,"featured_media":10913,"comment_status":"closed","ping_status":"closed","sticky":false,"template":"","format":"standard","meta":{"fifu_image_url":"","fifu_image_alt":"","footnotes":""},"categories":[22],"tags":[],"class_list":["post-10912","post","type-post","status-publish","format-standard","has-post-thumbnail","hentry","category-bolivia"],"_links":{"self":[{"href":"https:\/\/stbnoticias.com\/index.php\/wp-json\/wp\/v2\/posts\/10912","targetHints":{"allow":["GET"]}}],"collection":[{"href":"https:\/\/stbnoticias.com\/index.php\/wp-json\/wp\/v2\/posts"}],"about":[{"href":"https:\/\/stbnoticias.com\/index.php\/wp-json\/wp\/v2\/types\/post"}],"author":[{"embeddable":true,"href":"https:\/\/stbnoticias.com\/index.php\/wp-json\/wp\/v2\/users\/1"}],"replies":[{"embeddable":true,"href":"https:\/\/stbnoticias.com\/index.php\/wp-json\/wp\/v2\/comments?post=10912"}],"version-history":[{"count":1,"href":"https:\/\/stbnoticias.com\/index.php\/wp-json\/wp\/v2\/posts\/10912\/revisions"}],"predecessor-version":[{"id":10914,"href":"https:\/\/stbnoticias.com\/index.php\/wp-json\/wp\/v2\/posts\/10912\/revisions\/10914"}],"wp:featuredmedia":[{"embeddable":true,"href":"https:\/\/stbnoticias.com\/index.php\/wp-json\/wp\/v2\/media\/10913"}],"wp:attachment":[{"href":"https:\/\/stbnoticias.com\/index.php\/wp-json\/wp\/v2\/media?parent=10912"}],"wp:term":[{"taxonomy":"category","embeddable":true,"href":"https:\/\/stbnoticias.com\/index.php\/wp-json\/wp\/v2\/categories?post=10912"},{"taxonomy":"post_tag","embeddable":true,"href":"https:\/\/stbnoticias.com\/index.php\/wp-json\/wp\/v2\/tags?post=10912"}],"curies":[{"name":"wp","href":"https:\/\/api.w.org\/{rel}","templated":true}]}}