{"id":10918,"date":"2025-07-21T09:54:28","date_gmt":"2025-07-21T13:54:28","guid":{"rendered":"https:\/\/stbnoticias.com\/?p=10918"},"modified":"2025-07-22T09:54:41","modified_gmt":"2025-07-22T13:54:41","slug":"identifican-a-los-agresores-que-apedrearon-a-militares-en-bermejo","status":"publish","type":"post","link":"https:\/\/stbnoticias.com\/index.php\/2025\/07\/21\/identifican-a-los-agresores-que-apedrearon-a-militares-en-bermejo\/","title":{"rendered":"IDENTIFICAN A LOS AGRESORES QUE APEDREARON A MILITARES EN BERMEJO"},"content":{"rendered":"\n<p>Este s\u00e1bado 19 de julio, un violento enfrentamiento entre contrabandistas y efectivos <a><\/a>militares se registr\u00f3 en la ciudad de Bermejo, Tarija, cuando los uniformados intentaban impedir la salida ilegal de productos hacia Argentina. Tras el incidente, las autoridades identificaron a los agresores que atacaron a los militares lanz\u00e1ndoles piedras.<\/p>\n\n\n\n<figure class=\"wp-block-image size-full\"><img loading=\"lazy\" decoding=\"async\" width=\"843\" height=\"520\" src=\"https:\/\/stbnoticias.com\/wp-content\/uploads\/2025\/07\/image-21.png\" alt=\"\" class=\"wp-image-10919\" srcset=\"https:\/\/stbnoticias.com\/wp-content\/uploads\/2025\/07\/image-21.png 843w, https:\/\/stbnoticias.com\/wp-content\/uploads\/2025\/07\/image-21-300x185.png 300w, https:\/\/stbnoticias.com\/wp-content\/uploads\/2025\/07\/image-21-768x474.png 768w\" sizes=\"auto, (max-width: 843px) 100vw, 843px\" \/><\/figure>\n\n\n\n<p>El viceministro de Lucha Contra el Contrabando, Luis Am\u00edlcar Vel\u00e1squez, inform\u00f3 que el enfrentamiento ocurri\u00f3 alrededor de las 10:00 durante un control rutinario realizado por el personal del \u00c1rea Naval 3 en los puertos fronterizos. Seg\u00fan Vel\u00e1squez, los contrabandistas reaccionaron violentamente al decomiso de su mercader\u00eda, agrediendo a los militares con piedras.<\/p>\n\n\n\n<p>\u201cEl hecho se suscit\u00f3 cuando los contrabandistas, al verse afectados, atacaron a los militares con piedras para evitar el decomiso\u201d, explic\u00f3 el viceministro.<\/p>\n\n\n\n<p>Gracias a fotograf\u00edas y videos captados durante el operativo, se logr\u00f3 identificar a cuatro de los agresores, quienes ser\u00e1n denunciados penalmente ante el Ministerio P\u00fablico en las pr\u00f3ximas horas.<\/p>\n\n\n\n<p>El viceministro Vel\u00e1squez afirm\u00f3 que el Gobierno mantendr\u00e1 una postura firme en la lucha contra el contrabando, y que estos actos de violencia no quedar\u00e1n impunes.<\/p>\n","protected":false},"excerpt":{"rendered":"<p>Este s\u00e1bado 19 de julio, un violento enfrentamiento entre contrabandistas y efectivos militares se registr\u00f3 en la ciudad de Bermejo, Tarija, cuando los uniformados intentaban impedir la salida ilegal de productos hacia Argentina. Tras el incidente, las autoridades identificaron a los agresores que atacaron a los militares lanz\u00e1ndoles piedras. El viceministro de Lucha Contra el [&hellip;]<\/p>\n","protected":false},"author":1,"featured_media":10919,"comment_status":"closed","ping_status":"closed","sticky":false,"template":"","format":"standard","meta":{"fifu_image_url":"","fifu_image_alt":"","footnotes":""},"categories":[22],"tags":[],"class_list":["post-10918","post","type-post","status-publish","format-standard","has-post-thumbnail","hentry","category-bolivia"],"_links":{"self":[{"href":"https:\/\/stbnoticias.com\/index.php\/wp-json\/wp\/v2\/posts\/10918","targetHints":{"allow":["GET"]}}],"collection":[{"href":"https:\/\/stbnoticias.com\/index.php\/wp-json\/wp\/v2\/posts"}],"about":[{"href":"https:\/\/stbnoticias.com\/index.php\/wp-json\/wp\/v2\/types\/post"}],"author":[{"embeddable":true,"href":"https:\/\/stbnoticias.com\/index.php\/wp-json\/wp\/v2\/users\/1"}],"replies":[{"embeddable":true,"href":"https:\/\/stbnoticias.com\/index.php\/wp-json\/wp\/v2\/comments?post=10918"}],"version-history":[{"count":1,"href":"https:\/\/stbnoticias.com\/index.php\/wp-json\/wp\/v2\/posts\/10918\/revisions"}],"predecessor-version":[{"id":10920,"href":"https:\/\/stbnoticias.com\/index.php\/wp-json\/wp\/v2\/posts\/10918\/revisions\/10920"}],"wp:featuredmedia":[{"embeddable":true,"href":"https:\/\/stbnoticias.com\/index.php\/wp-json\/wp\/v2\/media\/10919"}],"wp:attachment":[{"href":"https:\/\/stbnoticias.com\/index.php\/wp-json\/wp\/v2\/media?parent=10918"}],"wp:term":[{"taxonomy":"category","embeddable":true,"href":"https:\/\/stbnoticias.com\/index.php\/wp-json\/wp\/v2\/categories?post=10918"},{"taxonomy":"post_tag","embeddable":true,"href":"https:\/\/stbnoticias.com\/index.php\/wp-json\/wp\/v2\/tags?post=10918"}],"curies":[{"name":"wp","href":"https:\/\/api.w.org\/{rel}","templated":true}]}}