{"id":10950,"date":"2025-07-31T12:16:45","date_gmt":"2025-07-31T16:16:45","guid":{"rendered":"https:\/\/stbnoticias.com\/?p=10950"},"modified":"2025-07-31T12:16:45","modified_gmt":"2025-07-31T16:16:45","slug":"el-ejercito-abre-investigacion-por-caida-de-una-sargento-en-paracaidas","status":"publish","type":"post","link":"https:\/\/stbnoticias.com\/index.php\/2025\/07\/31\/el-ejercito-abre-investigacion-por-caida-de-una-sargento-en-paracaidas\/","title":{"rendered":"El Ej\u00e9rcito abre investigaci\u00f3n por ca\u00edda de una sargento en paraca\u00eddas"},"content":{"rendered":"\n<p>\u201cEl Ej\u00e9rcito, a la cabeza del se\u00f1or Comandante General del Ej\u00e9rcito, tiene la predisposici\u00f3n de proporcionar todo el apoyo moral y econ\u00f3mico tambi\u00e9n a toda la familia\u201d, a\u00f1adi\u00f3 Fern\u00e1ndez en conferencia de prensa.<\/p>\n\n\n\n<figure class=\"wp-block-image size-full\"><img loading=\"lazy\" decoding=\"async\" width=\"992\" height=\"558\" src=\"https:\/\/stbnoticias.com\/wp-content\/uploads\/2025\/07\/image-29.png\" alt=\"\" class=\"wp-image-10951\" srcset=\"https:\/\/stbnoticias.com\/wp-content\/uploads\/2025\/07\/image-29.png 992w, https:\/\/stbnoticias.com\/wp-content\/uploads\/2025\/07\/image-29-300x169.png 300w, https:\/\/stbnoticias.com\/wp-content\/uploads\/2025\/07\/image-29-768x432.png 768w\" sizes=\"auto, (max-width: 992px) 100vw, 992px\" \/><\/figure>\n\n\n\n<p>El Comando General del Ej\u00e9rcito abri\u00f3 un proceso de sumario informativo militar para investigar la ca\u00edda de una sargento en paraca\u00eddas en Cochabamba, mientras que la Corporaci\u00f3n del Seguro Social Militar (<a href=\"https:\/\/www.opinion.com.bo\/articulo\/policial\/ejercito-abre-investigacion-caida-sargento-paracaidas-cossmil-asumira-100-gastos\/20250729212558977273.html#\">&nbsp;Cossmil<\/a>) anunci\u00f3 correr con el 100% de los gastos m\u00e9dicos que se requieran.<\/p>\n\n\n\n<p>Un d\u00eda despu\u00e9s del hecho, que dej\u00f3 a la oficial Eva Mendoza en terapia intensiva, el inspector general del Ej\u00e9rcito, general Enrique Fern\u00e1ndez, anunci\u00f3 que la instituci\u00f3n castrense prestar\u00e1 todo el apoyo correspondiente a la familia por el hecho que, calific\u00f3 como \u201cfortuito\u201d.<\/p>\n\n\n\n<p>La investigaci\u00f3n del sumario informativo militar se tiene previsto que dure unos 10 d\u00edas, y luego en otros ocho d\u00edas se podr\u00e1 establecer las causas que ocasionaron el accidente ocurrido en San Benito, Cochabamba, durante un curso del Centro de Instrucci\u00f3n de Tropas Especiales (CITE).<\/p>\n\n\n\n<p>\u201cEl Ej\u00e9rcito, a la cabeza del se\u00f1or Comandante General del Ej\u00e9rcito, tiene la predisposici\u00f3n de proporcionar todo el apoyo moral y econ\u00f3mico tambi\u00e9n a toda la familia\u201d, a\u00f1adi\u00f3 Fern\u00e1ndez en conferencia de prensa.<\/p>\n\n\n\n<p>En la indagaci\u00f3n se citar\u00e1 al Jefe de Salto, Jefe de Curso, camaradas de la sargento para conocer como era el desarrollo durante el proceso de instrucci\u00f3n para posteriormente realizar el ejercicio del salto libre.<\/p>\n\n\n\n<p><\/p>\n","protected":false},"excerpt":{"rendered":"<p>\u201cEl Ej\u00e9rcito, a la cabeza del se\u00f1or Comandante General del Ej\u00e9rcito, tiene la predisposici\u00f3n de proporcionar todo el apoyo moral y econ\u00f3mico tambi\u00e9n a toda la familia\u201d, a\u00f1adi\u00f3 Fern\u00e1ndez en conferencia de prensa. El Comando General del Ej\u00e9rcito abri\u00f3 un proceso de sumario informativo militar para investigar la ca\u00edda de una sargento en paraca\u00eddas en [&hellip;]<\/p>\n","protected":false},"author":1,"featured_media":10951,"comment_status":"closed","ping_status":"closed","sticky":false,"template":"","format":"standard","meta":{"fifu_image_url":"","fifu_image_alt":"","footnotes":""},"categories":[22],"tags":[],"class_list":["post-10950","post","type-post","status-publish","format-standard","has-post-thumbnail","hentry","category-bolivia"],"_links":{"self":[{"href":"https:\/\/stbnoticias.com\/index.php\/wp-json\/wp\/v2\/posts\/10950","targetHints":{"allow":["GET"]}}],"collection":[{"href":"https:\/\/stbnoticias.com\/index.php\/wp-json\/wp\/v2\/posts"}],"about":[{"href":"https:\/\/stbnoticias.com\/index.php\/wp-json\/wp\/v2\/types\/post"}],"author":[{"embeddable":true,"href":"https:\/\/stbnoticias.com\/index.php\/wp-json\/wp\/v2\/users\/1"}],"replies":[{"embeddable":true,"href":"https:\/\/stbnoticias.com\/index.php\/wp-json\/wp\/v2\/comments?post=10950"}],"version-history":[{"count":1,"href":"https:\/\/stbnoticias.com\/index.php\/wp-json\/wp\/v2\/posts\/10950\/revisions"}],"predecessor-version":[{"id":10952,"href":"https:\/\/stbnoticias.com\/index.php\/wp-json\/wp\/v2\/posts\/10950\/revisions\/10952"}],"wp:featuredmedia":[{"embeddable":true,"href":"https:\/\/stbnoticias.com\/index.php\/wp-json\/wp\/v2\/media\/10951"}],"wp:attachment":[{"href":"https:\/\/stbnoticias.com\/index.php\/wp-json\/wp\/v2\/media?parent=10950"}],"wp:term":[{"taxonomy":"category","embeddable":true,"href":"https:\/\/stbnoticias.com\/index.php\/wp-json\/wp\/v2\/categories?post=10950"},{"taxonomy":"post_tag","embeddable":true,"href":"https:\/\/stbnoticias.com\/index.php\/wp-json\/wp\/v2\/tags?post=10950"}],"curies":[{"name":"wp","href":"https:\/\/api.w.org\/{rel}","templated":true}]}}