{"id":10957,"date":"2025-08-07T11:59:53","date_gmt":"2025-08-07T15:59:53","guid":{"rendered":"https:\/\/stbnoticias.com\/?p=10957"},"modified":"2025-08-07T11:59:53","modified_gmt":"2025-08-07T15:59:53","slug":"alianza-popular-recorrera-el-pais-en-su-cierre-de-campana-y-concluira-el-14-de-agosto-en-el-alto","status":"publish","type":"post","link":"https:\/\/stbnoticias.com\/index.php\/2025\/08\/07\/alianza-popular-recorrera-el-pais-en-su-cierre-de-campana-y-concluira-el-14-de-agosto-en-el-alto\/","title":{"rendered":"ALIANZA POPULAR RECORRER\u00c1 EL PA\u00cdS EN SU CIERRE DE CAMPA\u00d1A Y CONCLUIR\u00c1 EL 14 DE AGOSTO EN EL ALTO"},"content":{"rendered":"\n<p>El senador F\u00e9lix Ajpi, vocero de Alianza Libre, confirm\u00f3 que <a><\/a>el binomio presidencial de Alianza Popular, conformado por Andr\u00f3nico Rodr\u00edguez y Mariana Prado, iniciar\u00e1 su cierre de campa\u00f1a electoral este fin de semana en el departamento de Pando. El acto final se realizar\u00e1 el 14 de agosto en la ciudad de El Alto.<\/p>\n\n\n\n<figure class=\"wp-block-image size-full\"><img loading=\"lazy\" decoding=\"async\" width=\"843\" height=\"510\" src=\"https:\/\/stbnoticias.com\/wp-content\/uploads\/2025\/08\/image-1.png\" alt=\"\" class=\"wp-image-10958\" srcset=\"https:\/\/stbnoticias.com\/wp-content\/uploads\/2025\/08\/image-1.png 843w, https:\/\/stbnoticias.com\/wp-content\/uploads\/2025\/08\/image-1-300x181.png 300w, https:\/\/stbnoticias.com\/wp-content\/uploads\/2025\/08\/image-1-768x465.png 768w\" sizes=\"auto, (max-width: 843px) 100vw, 843px\" \/><\/figure>\n\n\n\n<p>\u201cYa vamos a iniciar los cierres de campa\u00f1a, desde este fin de semana, desde Pando y Beni, y acabando en el departamento de La Paz. Si no me equivoco, seg\u00fan el cronograma, tenemos el 14 de agosto en la ciudad de El Alto\u201d, se\u00f1al\u00f3 Ajpi .<\/p>\n\n\n\n<p>El recorrido final incluir\u00e1 actos en los nueve departamentos como estrategia para movilizar a las bases sociales que respaldan al binomio de izquierda. Seg\u00fan explic\u00f3 el senador, los cierres no se limitar\u00e1n a concentraciones, sino tambi\u00e9n a visitas del Andr\u00f3nico a diferentes sectores sociales.<\/p>\n\n\n\n<p>\u201cNuestro candidato ir\u00e1 visitando a los sectores sociales a petici\u00f3n\u201d, agreg\u00f3 Ajpi<\/p>\n\n\n\n<p>Los cierres de campa\u00f1a de los diferentes frentes en postulaci\u00f3n se realizar\u00e1n hasta la \u00faltima semana previa a las elecciones.<\/p>\n\n\n\n<p>Por otro lado, Ajpi se\u00f1al\u00f3 que la Alianza Popular a\u00fan trabaja en sustituir a sus candidatos inhabilitados y que concluir\u00e1n con el mismo hasta el 13 de agosto.<\/p>\n","protected":false},"excerpt":{"rendered":"<p>El senador F\u00e9lix Ajpi, vocero de Alianza Libre, confirm\u00f3 que el binomio presidencial de Alianza Popular, conformado por Andr\u00f3nico Rodr\u00edguez y Mariana Prado, iniciar\u00e1 su cierre de campa\u00f1a electoral este fin de semana en el departamento de Pando. El acto final se realizar\u00e1 el 14 de agosto en la ciudad de El Alto. \u201cYa vamos [&hellip;]<\/p>\n","protected":false},"author":1,"featured_media":10958,"comment_status":"closed","ping_status":"closed","sticky":false,"template":"","format":"standard","meta":{"fifu_image_url":"","fifu_image_alt":"","footnotes":""},"categories":[22],"tags":[],"class_list":["post-10957","post","type-post","status-publish","format-standard","has-post-thumbnail","hentry","category-bolivia"],"_links":{"self":[{"href":"https:\/\/stbnoticias.com\/index.php\/wp-json\/wp\/v2\/posts\/10957","targetHints":{"allow":["GET"]}}],"collection":[{"href":"https:\/\/stbnoticias.com\/index.php\/wp-json\/wp\/v2\/posts"}],"about":[{"href":"https:\/\/stbnoticias.com\/index.php\/wp-json\/wp\/v2\/types\/post"}],"author":[{"embeddable":true,"href":"https:\/\/stbnoticias.com\/index.php\/wp-json\/wp\/v2\/users\/1"}],"replies":[{"embeddable":true,"href":"https:\/\/stbnoticias.com\/index.php\/wp-json\/wp\/v2\/comments?post=10957"}],"version-history":[{"count":1,"href":"https:\/\/stbnoticias.com\/index.php\/wp-json\/wp\/v2\/posts\/10957\/revisions"}],"predecessor-version":[{"id":10959,"href":"https:\/\/stbnoticias.com\/index.php\/wp-json\/wp\/v2\/posts\/10957\/revisions\/10959"}],"wp:featuredmedia":[{"embeddable":true,"href":"https:\/\/stbnoticias.com\/index.php\/wp-json\/wp\/v2\/media\/10958"}],"wp:attachment":[{"href":"https:\/\/stbnoticias.com\/index.php\/wp-json\/wp\/v2\/media?parent=10957"}],"wp:term":[{"taxonomy":"category","embeddable":true,"href":"https:\/\/stbnoticias.com\/index.php\/wp-json\/wp\/v2\/categories?post=10957"},{"taxonomy":"post_tag","embeddable":true,"href":"https:\/\/stbnoticias.com\/index.php\/wp-json\/wp\/v2\/tags?post=10957"}],"curies":[{"name":"wp","href":"https:\/\/api.w.org\/{rel}","templated":true}]}}