{"id":10978,"date":"2025-08-13T12:00:46","date_gmt":"2025-08-13T16:00:46","guid":{"rendered":"https:\/\/stbnoticias.com\/?p=10978"},"modified":"2025-08-13T12:00:46","modified_gmt":"2025-08-13T16:00:46","slug":"samuel-ratifica-promesa-de-100-dias-y-llama-a-los-ciudadanos-a-que-no-silencien-su-voto","status":"publish","type":"post","link":"https:\/\/stbnoticias.com\/index.php\/2025\/08\/13\/samuel-ratifica-promesa-de-100-dias-y-llama-a-los-ciudadanos-a-que-no-silencien-su-voto\/","title":{"rendered":"Samuel ratifica promesa de 100 d\u00edas y llama a los ciudadanos a que \u201cno silencien su voto\u201d"},"content":{"rendered":"\n<p><em><strong>En su cierre de campa\u00f1a en La Paz, el candidato de la alianza Unidad apel\u00f3 a su experiencia como empresario para asegurar que act\u00faa \u201cde manera diferente\u201d a los pol\u00edticos<\/strong><\/em><\/p>\n\n\n\n<figure class=\"wp-block-image size-full\"><img loading=\"lazy\" decoding=\"async\" width=\"980\" height=\"663\" src=\"https:\/\/stbnoticias.com\/wp-content\/uploads\/2025\/08\/image-7.png\" alt=\"\" class=\"wp-image-10979\" srcset=\"https:\/\/stbnoticias.com\/wp-content\/uploads\/2025\/08\/image-7.png 980w, https:\/\/stbnoticias.com\/wp-content\/uploads\/2025\/08\/image-7-300x203.png 300w, https:\/\/stbnoticias.com\/wp-content\/uploads\/2025\/08\/image-7-768x520.png 768w\" sizes=\"auto, (max-width: 980px) 100vw, 980px\" \/><\/figure>\n\n\n\n<p>El candidato y empresario opositor Samuel Doria Medina prometi\u00f3 este martes que, si gana las elecciones de este domingo en Bolivia, colocar\u00e1 una cuenta regresiva en la fachada del Palacio de Gobierno en La Paz con los cien d\u00edas en los que asegura retornar\u00e1 los d\u00f3lares y los combustibles a la econom\u00eda y frenar\u00e1 la inflaci\u00f3n.<\/p>\n\n\n\n<p>Doria Medina hizo esta oferta junto a centenares de sus seguidores con los que camin\u00f3 desde la populosa zona comercial de la Garita de Lima en La Paz, pasando por el centro hist\u00f3rico de la ciudad, hasta la avenida Arce en el barrio residencial de Sopocachi, en el que fue uno de sus \u00faltimos actos proselitistas antes del silencio electoral.<\/p>\n\n\n\n<p>El candidato de la alianza Unidad apel\u00f3 a su experiencia como empresario para asegurar que act\u00faa \u00abde manera diferente\u00bb a los pol\u00edticos, pues trabaja con \u00abplazos\u00bb, \u00abmetas\u00bb y junto a \u00abla mejor gente para resolver un problema\u00bb.<\/p>\n\n\n\n<p>\u00abEl 8 de noviembre voy a poner un cartel grande en la fachada del Palacio de Gobierno que va a decir 100 y el 9 va a decir 99, y el 10 va a decir 98, para que vean que en 100 d\u00edas van a volver los d\u00f3lares, va a haber gasolina, va a haber di\u00e9sel y vamos a parar la inflaci\u00f3n que tanto est\u00e1 perjudicando a las familias\u00bb, prometi\u00f3 el candidato opositor.<\/p>\n\n\n\n<p>El empresario, que conf\u00eda en ganar las elecciones, tambi\u00e9n se mostr\u00f3 seguro de que cumplir\u00e1 su propuesta en esos 100 d\u00edas desde el 8 de noviembre, cuando debe jurar el nuevo Gobierno, hasta el 15 de febrero de 2026.<\/p>\n\n\n\n<p>Doria Medina tambi\u00e9n asegur\u00f3 que una vez lograda esa meta, empezar\u00e1 a trabajar \u00abpara que la nueva locomotora de la econom\u00eda boliviana sean los emprendedores, hombres y mujeres que tienen una idea\u00bb y a quienes ayudar\u00e1 a transformarla en \u00abun proyecto, despu\u00e9s una peque\u00f1a empresa, una empresa mediana y despu\u00e9s una gran empresa\u00bb.<\/p>\n\n\n\n<p>\u00abNuestra meta es impulsar un mill\u00f3n de nuevos emprendimientos en los pr\u00f3ximos cinco a\u00f1os. De ese mill\u00f3n de emprendedores, cerca de 700.000 van a ser mujeres\u00bb, prometi\u00f3 el actual l\u00edder de las encuestas antes de los comicios.<\/p>\n\n\n\n<p>Doria ratific\u00f3 que cerrar\u00e1 las empresas p\u00fablicas \u00abque s\u00f3lo generan p\u00e9rdidas\u00bb e inst\u00f3 a los ciudadanos a que \u00abno silencien su voto\u00bb marcando blanco o nulo, sino que \u00abhagan que su voto elija el futuro para todos los bolivianos\u00bb.<\/p>\n\n\n\n<p>Este domingo, los bolivianos elegir\u00e1n a su presidente, vicepresidente y parlamentarios de la Asamblea Legislativa para el siguiente quinquenio.<\/p>\n\n\n\n<p>Las encuestas auguran una posible segunda vuelta entre Doria Medina y el expresidente Jorge Tuto Quiroga (2001-2002), tambi\u00e9n opositor, si bien tambi\u00e9n reflejan porcentajes altos de indecisos y votos nulos y blancos.<\/p>\n\n\n\n<p><\/p>\n","protected":false},"excerpt":{"rendered":"<p>En su cierre de campa\u00f1a en La Paz, el candidato de la alianza Unidad apel\u00f3 a su experiencia como empresario para asegurar que act\u00faa \u201cde manera diferente\u201d a los pol\u00edticos El candidato y empresario opositor Samuel Doria Medina prometi\u00f3 este martes que, si gana las elecciones de este domingo en Bolivia, colocar\u00e1 una cuenta regresiva [&hellip;]<\/p>\n","protected":false},"author":1,"featured_media":10979,"comment_status":"closed","ping_status":"closed","sticky":false,"template":"","format":"standard","meta":{"fifu_image_url":"","fifu_image_alt":"","footnotes":""},"categories":[22,30],"tags":[],"class_list":["post-10978","post","type-post","status-publish","format-standard","has-post-thumbnail","hentry","category-bolivia","category-politica"],"_links":{"self":[{"href":"https:\/\/stbnoticias.com\/index.php\/wp-json\/wp\/v2\/posts\/10978","targetHints":{"allow":["GET"]}}],"collection":[{"href":"https:\/\/stbnoticias.com\/index.php\/wp-json\/wp\/v2\/posts"}],"about":[{"href":"https:\/\/stbnoticias.com\/index.php\/wp-json\/wp\/v2\/types\/post"}],"author":[{"embeddable":true,"href":"https:\/\/stbnoticias.com\/index.php\/wp-json\/wp\/v2\/users\/1"}],"replies":[{"embeddable":true,"href":"https:\/\/stbnoticias.com\/index.php\/wp-json\/wp\/v2\/comments?post=10978"}],"version-history":[{"count":1,"href":"https:\/\/stbnoticias.com\/index.php\/wp-json\/wp\/v2\/posts\/10978\/revisions"}],"predecessor-version":[{"id":10980,"href":"https:\/\/stbnoticias.com\/index.php\/wp-json\/wp\/v2\/posts\/10978\/revisions\/10980"}],"wp:featuredmedia":[{"embeddable":true,"href":"https:\/\/stbnoticias.com\/index.php\/wp-json\/wp\/v2\/media\/10979"}],"wp:attachment":[{"href":"https:\/\/stbnoticias.com\/index.php\/wp-json\/wp\/v2\/media?parent=10978"}],"wp:term":[{"taxonomy":"category","embeddable":true,"href":"https:\/\/stbnoticias.com\/index.php\/wp-json\/wp\/v2\/categories?post=10978"},{"taxonomy":"post_tag","embeddable":true,"href":"https:\/\/stbnoticias.com\/index.php\/wp-json\/wp\/v2\/tags?post=10978"}],"curies":[{"name":"wp","href":"https:\/\/api.w.org\/{rel}","templated":true}]}}