{"id":10984,"date":"2025-08-13T12:05:13","date_gmt":"2025-08-13T16:05:13","guid":{"rendered":"https:\/\/stbnoticias.com\/?p=10984"},"modified":"2025-08-13T12:05:14","modified_gmt":"2025-08-13T16:05:14","slug":"uruguay-da-el-primer-paso-hacia-la-legalizacion-de-la-eutanasia","status":"publish","type":"post","link":"https:\/\/stbnoticias.com\/index.php\/2025\/08\/13\/uruguay-da-el-primer-paso-hacia-la-legalizacion-de-la-eutanasia\/","title":{"rendered":"Uruguay da el primer paso hacia la legalizaci\u00f3n de la eutanasia"},"content":{"rendered":"\n<p><em>La C\u00e1mara de Representantes aprob\u00f3 por mayor\u00eda el proyecto de ley \u2018Muerte digna\u2019 y ahora deber\u00e1 ser tratado por la Comisi\u00f3n de Salud de la C\u00e1mara de Senadores<\/em><\/p>\n\n\n\n<figure class=\"wp-block-image size-full\"><img loading=\"lazy\" decoding=\"async\" width=\"980\" height=\"652\" src=\"https:\/\/stbnoticias.com\/wp-content\/uploads\/2025\/08\/image-9.png\" alt=\"\" class=\"wp-image-10985\" srcset=\"https:\/\/stbnoticias.com\/wp-content\/uploads\/2025\/08\/image-9.png 980w, https:\/\/stbnoticias.com\/wp-content\/uploads\/2025\/08\/image-9-300x200.png 300w, https:\/\/stbnoticias.com\/wp-content\/uploads\/2025\/08\/image-9-768x511.png 768w\" sizes=\"auto, (max-width: 980px) 100vw, 980px\" \/><\/figure>\n\n\n\n<p>Uruguay dio en la madrugada de este mi\u00e9rcoles el primer paso hacia la regularizaci\u00f3n de la eutanasia, luego de que la C\u00e1mara de Representantes aprobara por mayor\u00eda el proyecto de ley &#8216;Muerte digna&#8217;.<\/p>\n\n\n\n<p>Tras un debate que comenz\u00f3 en la ma\u00f1ana del martes y se extendi\u00f3 por m\u00e1s de doce horas, 64 diputados alzaron su mano para votar a favor, mientras que otros 29 se expresaron en contra.<\/p>\n\n\n\n<p>De esta forma, el proyecto fue aprobado y ahora deber\u00e1 ser tratado por la Comisi\u00f3n de Salud de la C\u00e1mara de Senadores, integrada por nueve legisladores. En caso de que all\u00ed sea aprobado, pasar\u00e1 al pleno de la C\u00e1mara Alta para ser votado.<\/p>\n\n\n\n<p>Si el proyecto tiene luz verde por parte de ambas c\u00e1maras ser\u00e1 enviado al Poder Ejecutivo para su promulgaci\u00f3n.<\/p>\n\n\n\n<p>El debate por la regularizaci\u00f3n de la eutanasia comenz\u00f3 sobre las 11:00 hora local (14:00 GMT) de este martes y culmin\u00f3 en las primeras horas del mi\u00e9rcoles, despu\u00e9s de que m\u00e1s de 40 legisladores expusieran sobre el tema y votaran.<\/p>\n\n\n\n<p>Distinto al que, tras ser aprobado en la C\u00e1mara Baja en 2022, no lleg\u00f3 a la C\u00e1mara Alta por no conseguir los votos necesarios en la Comisi\u00f3n de Salud de Senadores, el proyecto aprobado busca garantizar el derecho a \u00abtranscurrir dignamente el proceso de morir\u00bb mediante la despenalizaci\u00f3n de la eutanasia en los mayores de edad ps\u00edquicamente aptos que atraviesen la etapa terminal de enfermedades incurables e irreversibles o que padezcan por ellas \u00absufrimientos insoportables\u00bb.<\/p>\n\n\n\n<p>Entre quienes se expresaron a favor, el diputado por el oficialista Frente Amplio Luis Gallo record\u00f3 que una encuesta llevada a cabo este a\u00f1o por la consultora Cifra que marca que el 62 % de la poblaci\u00f3n est\u00e1 de acuerdo con la eutanasia. En ese sentido, dijo que los legisladores deben responder \u00aba las expectativas y manifestaciones\u00bb de la voluntad de la poblaci\u00f3n.<\/p>\n\n\n\n<p>Asimismo, a\u00f1adi\u00f3: \u00abEntiendo las diferentes perspectivas ideol\u00f3gicas, religiosas, filos\u00f3ficas, morales, \u00e9ticas que conviven en este recinto y que tanto lo enriquecen. Les pido que en su fuero m\u00e1s \u00edntimo cada uno pueda analizar en profundidad y con sensibilidad y responsabilidad qu\u00e9 respuesta le daremos a los ciudadanos\u00bb.<\/p>\n\n\n\n<p>Por su parte, el diputado por el opositor Partido Nacional Rodrigo Go\u00f1i, quien se expres\u00f3 en contra de la eutanasia, describi\u00f3 el d\u00eda como \u00abmuy doloroso\u00bb para Uruguay y agreg\u00f3 que ser\u00e1 recordado por varias generaciones.<\/p>\n\n\n\n<p>\u00abA miles de uruguayos que hoy est\u00e1n sufriendo de forma insoportable, a miles de uruguayos que hoy se sienten una carga, que est\u00e1n cansados de vivir (&#8230;) que est\u00e1n en la situaci\u00f3n de mayor fragilidad, est\u00e1 C\u00e1mara, la de sus representantes, les dice que tiene una soluci\u00f3n para ellos, les dice que tiene como soluci\u00f3n a ese sufrimiento insoportable provocarles la muerte anticipada\u00bb, se\u00f1al\u00f3 antes de la votaci\u00f3n.<\/p>\n\n\n\n<p>Luego de conocido el resultado, el colectivo Empat\u00eda Uruguay, integrado por personas que apoyan la eutanasia, agradeci\u00f3 en sus redes sociales a los legisladores que votaron a favor del proyecto.<\/p>\n\n\n\n<p>En caso de que este sea aprobado en Senadores y luego promulgado por el Ejecutivo, Uruguay se convertir\u00e1 en el tercer pa\u00eds americano en legalizar la eutanasia tras Canad\u00e1 y Colombia, en una regi\u00f3n donde el debate avanza de forma desigual.<\/p>\n\n\n\n<p>Colombia se convirti\u00f3 en 1997 en el primer pa\u00eds de Am\u00e9rica en despenalizar la eutanasia por decisi\u00f3n de la Corte Constitucional, aunque la primera eutanasia legal se realiz\u00f3 en 2015. Desde 2021, el acceso est\u00e1 permitido incluso a personas con enfermedades graves e incurables no terminales. En 2023 se practicaron unas 270 eutanasias, casi un 50 % m\u00e1s que en 2022, seg\u00fan el Laboratorio DescLAB.<\/p>\n\n\n\n<p>Canad\u00e1 legaliz\u00f3 la eutanasia en 2016 tras un fallo del Tribunal Supremo que declar\u00f3 inconstitucional la penalizaci\u00f3n. En <\/p>\n\n\n\n<p>2023, 15.343 personas recibieron ayuda m\u00e9dica para morir, un 15,8 % m\u00e1s que el a\u00f1o anterior.<\/p>\n","protected":false},"excerpt":{"rendered":"<p>La C\u00e1mara de Representantes aprob\u00f3 por mayor\u00eda el proyecto de ley \u2018Muerte digna\u2019 y ahora deber\u00e1 ser tratado por la Comisi\u00f3n de Salud de la C\u00e1mara de Senadores Uruguay dio en la madrugada de este mi\u00e9rcoles el primer paso hacia la regularizaci\u00f3n de la eutanasia, luego de que la C\u00e1mara de Representantes aprobara por mayor\u00eda [&hellip;]<\/p>\n","protected":false},"author":1,"featured_media":10985,"comment_status":"closed","ping_status":"closed","sticky":false,"template":"","format":"standard","meta":{"fifu_image_url":"","fifu_image_alt":"","footnotes":""},"categories":[22,24],"tags":[],"class_list":["post-10984","post","type-post","status-publish","format-standard","has-post-thumbnail","hentry","category-bolivia","category-mundo"],"_links":{"self":[{"href":"https:\/\/stbnoticias.com\/index.php\/wp-json\/wp\/v2\/posts\/10984","targetHints":{"allow":["GET"]}}],"collection":[{"href":"https:\/\/stbnoticias.com\/index.php\/wp-json\/wp\/v2\/posts"}],"about":[{"href":"https:\/\/stbnoticias.com\/index.php\/wp-json\/wp\/v2\/types\/post"}],"author":[{"embeddable":true,"href":"https:\/\/stbnoticias.com\/index.php\/wp-json\/wp\/v2\/users\/1"}],"replies":[{"embeddable":true,"href":"https:\/\/stbnoticias.com\/index.php\/wp-json\/wp\/v2\/comments?post=10984"}],"version-history":[{"count":1,"href":"https:\/\/stbnoticias.com\/index.php\/wp-json\/wp\/v2\/posts\/10984\/revisions"}],"predecessor-version":[{"id":10986,"href":"https:\/\/stbnoticias.com\/index.php\/wp-json\/wp\/v2\/posts\/10984\/revisions\/10986"}],"wp:featuredmedia":[{"embeddable":true,"href":"https:\/\/stbnoticias.com\/index.php\/wp-json\/wp\/v2\/media\/10985"}],"wp:attachment":[{"href":"https:\/\/stbnoticias.com\/index.php\/wp-json\/wp\/v2\/media?parent=10984"}],"wp:term":[{"taxonomy":"category","embeddable":true,"href":"https:\/\/stbnoticias.com\/index.php\/wp-json\/wp\/v2\/categories?post=10984"},{"taxonomy":"post_tag","embeddable":true,"href":"https:\/\/stbnoticias.com\/index.php\/wp-json\/wp\/v2\/tags?post=10984"}],"curies":[{"name":"wp","href":"https:\/\/api.w.org\/{rel}","templated":true}]}}