{"id":10991,"date":"2025-08-22T10:14:17","date_gmt":"2025-08-22T14:14:17","guid":{"rendered":"https:\/\/stbnoticias.com\/?p=10991"},"modified":"2025-08-22T10:14:17","modified_gmt":"2025-08-22T14:14:17","slug":"arce-arriba-a-colombia-para-participar-de-la-v-cumbre-de-presidentes-de-los-estados-amazonicos","status":"publish","type":"post","link":"https:\/\/stbnoticias.com\/index.php\/2025\/08\/22\/arce-arriba-a-colombia-para-participar-de-la-v-cumbre-de-presidentes-de-los-estados-amazonicos\/","title":{"rendered":"Arce arriba a Colombia para participar de la V Cumbre de Presidentes de los Estados Amaz\u00f3nicos"},"content":{"rendered":"\n<p>La noche del viernes, Arce entreg\u00f3 el Bast\u00f3n de Mando al vicepresidente del Estado, David Choquehuanca, y viaj\u00f3 a Colombia, para participar de la cita internacional que congregar\u00e1 a Colombia, Ecuador, Per\u00fa, Guyana, Surinam y Venezuela.<\/p>\n\n\n<div class=\"wp-block-image\">\n<figure class=\"aligncenter size-full is-resized\"><img loading=\"lazy\" decoding=\"async\" width=\"640\" height=\"427\" src=\"https:\/\/stbnoticias.com\/wp-content\/uploads\/2025\/08\/image-11.png\" alt=\"\" class=\"wp-image-10992\" style=\"width:840px;height:auto\" srcset=\"https:\/\/stbnoticias.com\/wp-content\/uploads\/2025\/08\/image-11.png 640w, https:\/\/stbnoticias.com\/wp-content\/uploads\/2025\/08\/image-11-300x200.png 300w\" sizes=\"auto, (max-width: 640px) 100vw, 640px\" \/><\/figure>\n<\/div>\n\n\n<p>La madrugada de este viernes, el presidente del Estado Plurinacional, Luis Arce, lleg\u00f3 a Colombia para participar de la V Cumbre de Presidentes de los Estados parte de la Organizaci\u00f3n del Tratado de Cooperaci\u00f3n Amaz\u00f3nica (OTCA).<\/p>\n\n\n\n<blockquote class=\"wp-block-quote is-layout-flow wp-block-quote-is-layout-flow\">\n<p>\u201cAcabamos de aterrizar en Colombia, donde participaremos de la V Cumbre de Presidentes de los Estados parte de la Organizaci\u00f3n del Tratado de Cooperaci\u00f3n Amaz\u00f3nica \u2013 OTCA\u201d, public\u00f3 el jefe de Estado.<\/p>\n<\/blockquote>\n\n\n\n<p>La noche del viernes, Arce entreg\u00f3 el Bast\u00f3n de Mando al vicepresidente del Estado, David Choquehuanca, y viaj\u00f3 a Colombia, para participar de la cita internacional que congregar\u00e1 a Colombia, Ecuador, Per\u00fa, Guyana, Surinam y Venezuela.<\/p>\n\n\n\n<p>La cita presidencial fue precedida por la Reuni\u00f3n Extraordinaria de Cancilleres del OTCA, donde se aval\u00f3 las propuestas bolivianas en defensa de la Amazonia, que incluye la declaraci\u00f3n del D\u00eda de la Cuenca Amaz\u00f3nica, la creaci\u00f3n del Mecanismo Amaz\u00f3nico de Pueblos Ind\u00edgenas y la puesta en marcha de la iniciativa sobre Frutos Amaz\u00f3nicos.<\/p>\n\n\n\n<p>En tanto, fortalecer la cooperaci\u00f3n regional para proteger la Amazon\u00eda sigue siendo la prioridad de la OTCA.<\/p>\n\n\n\n<p>Por eso, durante la previa a la V Cumbre de Presidentes del Tratado de Cooperaci\u00f3n Amaz\u00f3nica, la OTCA propici\u00f3 diferentes espacios para que acad\u00e9micos, pueblos ind\u00edgenas, sociedad civil y representantes estatales hablaran sobre los ejes tem\u00e1ticos y terminaran de estructurar propuestas concretas para llevar a la reuni\u00f3n de mandatarios, que tendr\u00e1 lugar este viernes 22 de agosto en la plaza de Armas del Palacio de Nari\u00f1o en Bogot\u00e1, seg\u00fan la p\u00e1gina oficial del encuentro internacional.<\/p>\n","protected":false},"excerpt":{"rendered":"<p>La noche del viernes, Arce entreg\u00f3 el Bast\u00f3n de Mando al vicepresidente del Estado, David Choquehuanca, y viaj\u00f3 a Colombia, para participar de la cita internacional que congregar\u00e1 a Colombia, Ecuador, Per\u00fa, Guyana, Surinam y Venezuela. La madrugada de este viernes, el presidente del Estado Plurinacional, Luis Arce, lleg\u00f3 a Colombia para participar de la [&hellip;]<\/p>\n","protected":false},"author":1,"featured_media":10992,"comment_status":"closed","ping_status":"closed","sticky":false,"template":"","format":"standard","meta":{"fifu_image_url":"","fifu_image_alt":"","footnotes":""},"categories":[22],"tags":[],"class_list":["post-10991","post","type-post","status-publish","format-standard","has-post-thumbnail","hentry","category-bolivia"],"_links":{"self":[{"href":"https:\/\/stbnoticias.com\/index.php\/wp-json\/wp\/v2\/posts\/10991","targetHints":{"allow":["GET"]}}],"collection":[{"href":"https:\/\/stbnoticias.com\/index.php\/wp-json\/wp\/v2\/posts"}],"about":[{"href":"https:\/\/stbnoticias.com\/index.php\/wp-json\/wp\/v2\/types\/post"}],"author":[{"embeddable":true,"href":"https:\/\/stbnoticias.com\/index.php\/wp-json\/wp\/v2\/users\/1"}],"replies":[{"embeddable":true,"href":"https:\/\/stbnoticias.com\/index.php\/wp-json\/wp\/v2\/comments?post=10991"}],"version-history":[{"count":1,"href":"https:\/\/stbnoticias.com\/index.php\/wp-json\/wp\/v2\/posts\/10991\/revisions"}],"predecessor-version":[{"id":10993,"href":"https:\/\/stbnoticias.com\/index.php\/wp-json\/wp\/v2\/posts\/10991\/revisions\/10993"}],"wp:featuredmedia":[{"embeddable":true,"href":"https:\/\/stbnoticias.com\/index.php\/wp-json\/wp\/v2\/media\/10992"}],"wp:attachment":[{"href":"https:\/\/stbnoticias.com\/index.php\/wp-json\/wp\/v2\/media?parent=10991"}],"wp:term":[{"taxonomy":"category","embeddable":true,"href":"https:\/\/stbnoticias.com\/index.php\/wp-json\/wp\/v2\/categories?post=10991"},{"taxonomy":"post_tag","embeddable":true,"href":"https:\/\/stbnoticias.com\/index.php\/wp-json\/wp\/v2\/tags?post=10991"}],"curies":[{"name":"wp","href":"https:\/\/api.w.org\/{rel}","templated":true}]}}