{"id":11000,"date":"2025-08-25T10:00:02","date_gmt":"2025-08-25T14:00:02","guid":{"rendered":"https:\/\/stbnoticias.com\/?p=11000"},"modified":"2025-08-25T10:00:02","modified_gmt":"2025-08-25T14:00:02","slug":"pumari-llega-a-la-paz-para-asistir-junto-a-camacho-a-la-audiencia-de-revision-de-la-detencion-preventiva","status":"publish","type":"post","link":"https:\/\/stbnoticias.com\/index.php\/2025\/08\/25\/pumari-llega-a-la-paz-para-asistir-junto-a-camacho-a-la-audiencia-de-revision-de-la-detencion-preventiva\/","title":{"rendered":"Pumari llega a La Paz para asistir, junto a Camacho, a la audiencia de revisi\u00f3n de la detenci\u00f3n preventiva"},"content":{"rendered":"\n<p>Lara se perfila como el verdadero motor del posible gobierno de Paz: \u201cNo podr\u00e1 hacer nada sin su vicepresidente\u201d<\/p>\n\n\n\n<figure class=\"wp-block-image size-full\"><img loading=\"lazy\" decoding=\"async\" width=\"800\" height=\"419\" src=\"https:\/\/stbnoticias.com\/wp-content\/uploads\/2025\/08\/image-14.png\" alt=\"\" class=\"wp-image-11001\" srcset=\"https:\/\/stbnoticias.com\/wp-content\/uploads\/2025\/08\/image-14.png 800w, https:\/\/stbnoticias.com\/wp-content\/uploads\/2025\/08\/image-14-300x157.png 300w, https:\/\/stbnoticias.com\/wp-content\/uploads\/2025\/08\/image-14-768x402.png 768w\" sizes=\"auto, (max-width: 800px) 100vw, 800px\" \/><\/figure>\n\n\n\n<p>En un nuevo video difundido en redes sociales, Edman Lara, candidato a la vicepresidencia por el Partido Dem\u00f3crata Cristiano (PDC), lanz\u00f3&nbsp;un mensaje directo, dejando en claro que su confianza debe ser depositada en \u00e9l m\u00e1s que en el presidenciable Rodrigo Paz.<\/p>\n\n\n\n<p>\u201cSi no conf\u00edan en Rodrigo Paz conf\u00eden en m\u00ed\u201d, expres\u00f3 Lara, a tiempo de remarcar que \u201cRodrigo Paz si llega a ser presidente no podr\u00e1 hacer nada sin su vicepresidente\u201d y que \u201csin el vicepresidente el presidente no podr\u00e1 hacer nada\u201d.<\/p>\n\n\n\n<p>El postulante tambi\u00e9n asegur\u00f3 que su rol ser\u00eda determinante en un eventual gobierno: \u201cSi no conf\u00edan en Rodrigo Paz conf\u00eden en m\u00ed, yo no permitir\u00e9 que roben al pueblo, ser\u00eda el primero en denunciar\u201d.<\/p>\n\n\n\n<p>En su mensaje, lament\u00f3 no haber podido postular directamente a la Presidencia. \u201cLamentablemente no pude ir como candidato a presidente\u201d, afirm\u00f3, al mismo tiempo que insisti\u00f3 en su pedido de respaldo: \u201cAp\u00f3yenme a m\u00ed\u201d.<\/p>\n","protected":false},"excerpt":{"rendered":"<p>Lara se perfila como el verdadero motor del posible gobierno de Paz: \u201cNo podr\u00e1 hacer nada sin su vicepresidente\u201d En un nuevo video difundido en redes sociales, Edman Lara, candidato a la vicepresidencia por el Partido Dem\u00f3crata Cristiano (PDC), lanz\u00f3&nbsp;un mensaje directo, dejando en claro que su confianza debe ser depositada en \u00e9l m\u00e1s que [&hellip;]<\/p>\n","protected":false},"author":1,"featured_media":11001,"comment_status":"closed","ping_status":"closed","sticky":false,"template":"","format":"standard","meta":{"fifu_image_url":"","fifu_image_alt":"","footnotes":""},"categories":[45],"tags":[],"class_list":["post-11000","post","type-post","status-publish","format-standard","has-post-thumbnail","hentry","category-sociedad"],"_links":{"self":[{"href":"https:\/\/stbnoticias.com\/index.php\/wp-json\/wp\/v2\/posts\/11000","targetHints":{"allow":["GET"]}}],"collection":[{"href":"https:\/\/stbnoticias.com\/index.php\/wp-json\/wp\/v2\/posts"}],"about":[{"href":"https:\/\/stbnoticias.com\/index.php\/wp-json\/wp\/v2\/types\/post"}],"author":[{"embeddable":true,"href":"https:\/\/stbnoticias.com\/index.php\/wp-json\/wp\/v2\/users\/1"}],"replies":[{"embeddable":true,"href":"https:\/\/stbnoticias.com\/index.php\/wp-json\/wp\/v2\/comments?post=11000"}],"version-history":[{"count":1,"href":"https:\/\/stbnoticias.com\/index.php\/wp-json\/wp\/v2\/posts\/11000\/revisions"}],"predecessor-version":[{"id":11002,"href":"https:\/\/stbnoticias.com\/index.php\/wp-json\/wp\/v2\/posts\/11000\/revisions\/11002"}],"wp:featuredmedia":[{"embeddable":true,"href":"https:\/\/stbnoticias.com\/index.php\/wp-json\/wp\/v2\/media\/11001"}],"wp:attachment":[{"href":"https:\/\/stbnoticias.com\/index.php\/wp-json\/wp\/v2\/media?parent=11000"}],"wp:term":[{"taxonomy":"category","embeddable":true,"href":"https:\/\/stbnoticias.com\/index.php\/wp-json\/wp\/v2\/categories?post=11000"},{"taxonomy":"post_tag","embeddable":true,"href":"https:\/\/stbnoticias.com\/index.php\/wp-json\/wp\/v2\/tags?post=11000"}],"curies":[{"name":"wp","href":"https:\/\/api.w.org\/{rel}","templated":true}]}}