{"id":11006,"date":"2025-08-26T09:42:30","date_gmt":"2025-08-26T13:42:30","guid":{"rendered":"https:\/\/stbnoticias.com\/?p=11006"},"modified":"2025-08-26T09:42:30","modified_gmt":"2025-08-26T13:42:30","slug":"a-lara-le-reactivan-juicio-y-el-pide-que-no-le-suelten-la-mano-paz-ve-una-torpeza","status":"publish","type":"post","link":"https:\/\/stbnoticias.com\/index.php\/2025\/08\/26\/a-lara-le-reactivan-juicio-y-el-pide-que-no-le-suelten-la-mano-paz-ve-una-torpeza\/","title":{"rendered":"A Lara le reactivan juicio y \u00e9l pide que no le suelten la mano; Paz ve una \u2018torpeza\u2019"},"content":{"rendered":"\n<p>El excapit\u00e1n de la Polic\u00eda y candidato a vice por el PDC cont\u00f3, en un nuevo video de TikTok, que deber\u00e1 presentarse hoy ante la Justicia por un caso de 2023.\u00a0<\/p>\n\n\n\n<figure class=\"wp-block-image size-full\"><img loading=\"lazy\" decoding=\"async\" width=\"992\" height=\"558\" src=\"https:\/\/stbnoticias.com\/wp-content\/uploads\/2025\/08\/image-16.png\" alt=\"\" class=\"wp-image-11007\" srcset=\"https:\/\/stbnoticias.com\/wp-content\/uploads\/2025\/08\/image-16.png 992w, https:\/\/stbnoticias.com\/wp-content\/uploads\/2025\/08\/image-16-300x169.png 300w, https:\/\/stbnoticias.com\/wp-content\/uploads\/2025\/08\/image-16-768x432.png 768w\" sizes=\"auto, (max-width: 992px) 100vw, 992px\" \/><\/figure>\n\n\n\n<p>Edmand Lara sale de su foco principal, que es buscar convertirse en el vicepresidente de Bolivia, y ocupa parte del tiempo de su agenda electoral en un juicio que la Justicia le ha desempolvado y que corresponde a un caso de 2023. El excapit\u00e1n de la Polic\u00eda y compa\u00f1ero de f\u00f3rmula de Rodrigo Paz (Partido Dem\u00f3crata Cristiano) volvi\u00f3 a aparecer con un video m\u00e1s de TikTok, aunque, esta vez, con una fuerte denuncia: se asume v\u00edctima de persecuci\u00f3n pol\u00edtica.<\/p>\n\n\n\n<p>Lara, el pol\u00e9mico candidato a vice que ya se ha visto envuelto en varias controversias, apel\u00f3 a las redes sociales para relatar que \u201centre gallos y medianoche\u201d fijaron su audiencia para hoy, a las 10:00, en el Juzgado de La Guardia. Seg\u00fan su versi\u00f3n, se tratar\u00eda de una causa por la cual \u00e9l ya habr\u00eda respondido e incluso apelado, raz\u00f3n por la que entiende que es cosa juzgada.<\/p>\n\n\n\n<p>\u201cYa me han juzgado en Santa Cruz, en el Palacio de Justicia, y he salido absuelto. En la apelaci\u00f3n se ha confirmado mi absoluci\u00f3n. Ahora pretenden juzgarme por los mismos hechos en La Guardia\u201d, detall\u00f3 el tambi\u00e9n abogado nacido en Villa Rivero.<\/p>\n\n\n\n<p>Lara tambi\u00e9n apunt\u00f3 que quien lo demanda es un \u201cexpolic\u00eda corrupto, loteador, avasallador\u201d. \u201cDe esa gente se est\u00e1 valiendo esta Justicia podrida, que, seguramente ya est\u00e1 preocupada porque el 19 de octubre se vienen cambios en el pa\u00eds. Se va a acabar la impunidad, se va a acabar la corrupci\u00f3n, y se va a acabar el abuso de jueces, fiscales y polic\u00edas\u201d.<\/p>\n\n\n\n<p>Si bien dej\u00f3 en claro que no teme ser privado de su libertad, pidi\u00f3 que sus seguidores lo apoyen, que no le suelten la mano y que est\u00e9n hoy con \u00e9l.<\/p>\n","protected":false},"excerpt":{"rendered":"<p>El excapit\u00e1n de la Polic\u00eda y candidato a vice por el PDC cont\u00f3, en un nuevo video de TikTok, que deber\u00e1 presentarse hoy ante la Justicia por un caso de 2023.\u00a0 Edmand Lara sale de su foco principal, que es buscar convertirse en el vicepresidente de Bolivia, y ocupa parte del tiempo de su agenda [&hellip;]<\/p>\n","protected":false},"author":1,"featured_media":11007,"comment_status":"closed","ping_status":"closed","sticky":false,"template":"","format":"standard","meta":{"fifu_image_url":"","fifu_image_alt":"","footnotes":""},"categories":[22,30],"tags":[],"class_list":["post-11006","post","type-post","status-publish","format-standard","has-post-thumbnail","hentry","category-bolivia","category-politica"],"_links":{"self":[{"href":"https:\/\/stbnoticias.com\/index.php\/wp-json\/wp\/v2\/posts\/11006","targetHints":{"allow":["GET"]}}],"collection":[{"href":"https:\/\/stbnoticias.com\/index.php\/wp-json\/wp\/v2\/posts"}],"about":[{"href":"https:\/\/stbnoticias.com\/index.php\/wp-json\/wp\/v2\/types\/post"}],"author":[{"embeddable":true,"href":"https:\/\/stbnoticias.com\/index.php\/wp-json\/wp\/v2\/users\/1"}],"replies":[{"embeddable":true,"href":"https:\/\/stbnoticias.com\/index.php\/wp-json\/wp\/v2\/comments?post=11006"}],"version-history":[{"count":1,"href":"https:\/\/stbnoticias.com\/index.php\/wp-json\/wp\/v2\/posts\/11006\/revisions"}],"predecessor-version":[{"id":11008,"href":"https:\/\/stbnoticias.com\/index.php\/wp-json\/wp\/v2\/posts\/11006\/revisions\/11008"}],"wp:featuredmedia":[{"embeddable":true,"href":"https:\/\/stbnoticias.com\/index.php\/wp-json\/wp\/v2\/media\/11007"}],"wp:attachment":[{"href":"https:\/\/stbnoticias.com\/index.php\/wp-json\/wp\/v2\/media?parent=11006"}],"wp:term":[{"taxonomy":"category","embeddable":true,"href":"https:\/\/stbnoticias.com\/index.php\/wp-json\/wp\/v2\/categories?post=11006"},{"taxonomy":"post_tag","embeddable":true,"href":"https:\/\/stbnoticias.com\/index.php\/wp-json\/wp\/v2\/tags?post=11006"}],"curies":[{"name":"wp","href":"https:\/\/api.w.org\/{rel}","templated":true}]}}