{"id":11009,"date":"2025-08-26T12:08:19","date_gmt":"2025-08-26T16:08:19","guid":{"rendered":"https:\/\/stbnoticias.com\/?p=11009"},"modified":"2025-08-26T12:08:19","modified_gmt":"2025-08-26T16:08:19","slug":"yo-me-retiro-a-lara-lo-estan-haciendo-odiar-para-favorecer-a-un-candidato-de-una-vez-denle-la-banda-presidencial","status":"publish","type":"post","link":"https:\/\/stbnoticias.com\/index.php\/2025\/08\/26\/yo-me-retiro-a-lara-lo-estan-haciendo-odiar-para-favorecer-a-un-candidato-de-una-vez-denle-la-banda-presidencial\/","title":{"rendered":"\u00abYo me retiro, a Lara lo est\u00e1n haciendo odiar para favorecer a un candidato, de una vez denle la banda presidencial\u00bb"},"content":{"rendered":"\n<p><a><\/a>El candidato a la presidencia Edman Lara anunci\u00f3 su retiro de la contienda electoral y asegur\u00f3 que enfrenta m\u00faltiples procesos judiciales que, seg\u00fan \u00e9l, buscan perjudicarlo.<\/p>\n\n\n\n<figure class=\"wp-block-image alignwide size-full\"><img loading=\"lazy\" decoding=\"async\" width=\"593\" height=\"395\" src=\"https:\/\/stbnoticias.com\/wp-content\/uploads\/2025\/08\/image-18.png\" alt=\"\" class=\"wp-image-11011\" srcset=\"https:\/\/stbnoticias.com\/wp-content\/uploads\/2025\/08\/image-18.png 593w, https:\/\/stbnoticias.com\/wp-content\/uploads\/2025\/08\/image-18-300x200.png 300w\" sizes=\"auto, (max-width: 593px) 100vw, 593px\" \/><\/figure>\n\n\n\n<p>\u201cDespu\u00e9s de dos a\u00f1os viene a activarse un proceso aqu\u00ed. \u00bfQui\u00e9n estar\u00e1 detr\u00e1s de eso?\u201d, expres\u00f3 Lara, en referencia a un caso que hab\u00eda sido abandonado previamente. El candidato indic\u00f3 que adem\u00e1s enfrenta otras denuncias, entre ellas por supuestas irregularidades en Diprove, y dijo que se espera que se le llame a juicio oral por esas causas.<\/p>\n\n\n\n<p>Lara se\u00f1al\u00f3 que los procesos en su contra han sido presentados pese a que algunas imputaciones fueron anuladas, y critic\u00f3 lo que considera una intenci\u00f3n de perjudicar su imagen p\u00fablica: \u201cTodo lo que dice el capit\u00e1n Lara es usado en su contra. Se han dado el lujo de llevar a canales de televisi\u00f3n psic\u00f3logos a analizar la personalidad del capit\u00e1n Lara indicando que es un paranoico, que es un esquizofr\u00e9nico, que el capit\u00e1n Lara es un narcisista\u201d.<\/p>\n\n\n\n<p>El candidato sostuvo que la acumulaci\u00f3n de denuncias busca impedir su participaci\u00f3n pol\u00edtica: \u201cYo me retiro porque de verdad creo que ac\u00e1 no quieren hacer una elecci\u00f3n transparente porque al capit\u00e1n Lara lo est\u00e1n haciendo odiar para favorecer a un candidato\u201d.<\/p>\n","protected":false},"excerpt":{"rendered":"<p>El candidato a la presidencia Edman Lara anunci\u00f3 su retiro de la contienda electoral y asegur\u00f3 que enfrenta m\u00faltiples procesos judiciales que, seg\u00fan \u00e9l, buscan perjudicarlo. \u201cDespu\u00e9s de dos a\u00f1os viene a activarse un proceso aqu\u00ed. \u00bfQui\u00e9n estar\u00e1 detr\u00e1s de eso?\u201d, expres\u00f3 Lara, en referencia a un caso que hab\u00eda sido abandonado previamente. El candidato [&hellip;]<\/p>\n","protected":false},"author":1,"featured_media":11011,"comment_status":"closed","ping_status":"closed","sticky":false,"template":"","format":"standard","meta":{"fifu_image_url":"","fifu_image_alt":"","footnotes":""},"categories":[22,30],"tags":[],"class_list":["post-11009","post","type-post","status-publish","format-standard","has-post-thumbnail","hentry","category-bolivia","category-politica"],"_links":{"self":[{"href":"https:\/\/stbnoticias.com\/index.php\/wp-json\/wp\/v2\/posts\/11009","targetHints":{"allow":["GET"]}}],"collection":[{"href":"https:\/\/stbnoticias.com\/index.php\/wp-json\/wp\/v2\/posts"}],"about":[{"href":"https:\/\/stbnoticias.com\/index.php\/wp-json\/wp\/v2\/types\/post"}],"author":[{"embeddable":true,"href":"https:\/\/stbnoticias.com\/index.php\/wp-json\/wp\/v2\/users\/1"}],"replies":[{"embeddable":true,"href":"https:\/\/stbnoticias.com\/index.php\/wp-json\/wp\/v2\/comments?post=11009"}],"version-history":[{"count":1,"href":"https:\/\/stbnoticias.com\/index.php\/wp-json\/wp\/v2\/posts\/11009\/revisions"}],"predecessor-version":[{"id":11012,"href":"https:\/\/stbnoticias.com\/index.php\/wp-json\/wp\/v2\/posts\/11009\/revisions\/11012"}],"wp:featuredmedia":[{"embeddable":true,"href":"https:\/\/stbnoticias.com\/index.php\/wp-json\/wp\/v2\/media\/11011"}],"wp:attachment":[{"href":"https:\/\/stbnoticias.com\/index.php\/wp-json\/wp\/v2\/media?parent=11009"}],"wp:term":[{"taxonomy":"category","embeddable":true,"href":"https:\/\/stbnoticias.com\/index.php\/wp-json\/wp\/v2\/categories?post=11009"},{"taxonomy":"post_tag","embeddable":true,"href":"https:\/\/stbnoticias.com\/index.php\/wp-json\/wp\/v2\/tags?post=11009"}],"curies":[{"name":"wp","href":"https:\/\/api.w.org\/{rel}","templated":true}]}}