{"id":11017,"date":"2025-09-01T10:36:20","date_gmt":"2025-09-01T14:36:20","guid":{"rendered":"https:\/\/stbnoticias.com\/?p=11017"},"modified":"2025-09-01T10:36:20","modified_gmt":"2025-09-01T14:36:20","slug":"cuellar-ministerio-publico-con-la-suspension-del-juicio-le-esta-dando-tiempo-a-camacho-de-ser-gobernador-1-mes-mas","status":"publish","type":"post","link":"https:\/\/stbnoticias.com\/index.php\/2025\/09\/01\/cuellar-ministerio-publico-con-la-suspension-del-juicio-le-esta-dando-tiempo-a-camacho-de-ser-gobernador-1-mes-mas\/","title":{"rendered":"Cuellar: Ministerio P\u00fablico con la suspensi\u00f3n del juicio le est\u00e1 dando tiempo a Camacho de ser gobernador 1 mes m\u00e1s"},"content":{"rendered":"\n<p><a><\/a>El juicio oral por carro bombero fue suspendida para el lunes 20 de octubre, por la ausencia del fiscal de materia y una de las partes denunciantes, el gobernador Luis Fernando Camacho calific\u00f3 como un proceso sin sentido, seguro que la gobernaci\u00f3n l\u00edcito un carro bombero, el gobierno no lo dej\u00f3 salir de aduana donde el seguro cubri\u00f3 gastos, por tanto afirm\u00f3 que es un caso m\u00e1s armado por el MAS. Camacho dijo que por primera vez conoci\u00f3 a uno de los denunciante, al diputado del MAS Rolando Cuellar.<\/p>\n\n\n\n<figure class=\"wp-block-image alignwide size-full\"><img loading=\"lazy\" decoding=\"async\" width=\"600\" height=\"350\" src=\"https:\/\/stbnoticias.com\/wp-content\/uploads\/2025\/09\/image.png\" alt=\"\" class=\"wp-image-11018\" srcset=\"https:\/\/stbnoticias.com\/wp-content\/uploads\/2025\/09\/image.png 600w, https:\/\/stbnoticias.com\/wp-content\/uploads\/2025\/09\/image-300x175.png 300w\" sizes=\"auto, (max-width: 600px) 100vw, 600px\" \/><\/figure>\n\n\n\n<p>Rolando Cuellar diputado del MAS, tras la suspensi\u00f3n del juicio oral del caso carro bombero, lamento que se haya suspendido el inicio del juicio, afirm\u00f3 que se trata de una empresa fantasma que le robo a Santa Cruz m\u00e1s de 1 mill\u00f3n de bolivianos por una carreta. Cuellar dijo que pedir\u00e1n la pena m\u00e1xima, adem\u00e1s pidi\u00f3 que el gobernador Camacho no sea cara dura y sin verg\u00fcenza, afirm\u00f3 que el ministerio p\u00fablico con la suspensi\u00f3n del juicio le est\u00e1 dando tiempo a Camacho de ser gobernador 1 mes m\u00e1s, porque esperaban que sea sentenciado para que deje su cargo.<\/p>\n","protected":false},"excerpt":{"rendered":"<p>El juicio oral por carro bombero fue suspendida para el lunes 20 de octubre, por la ausencia del fiscal de materia y una de las partes denunciantes, el gobernador Luis Fernando Camacho calific\u00f3 como un proceso sin sentido, seguro que la gobernaci\u00f3n l\u00edcito un carro bombero, el gobierno no lo dej\u00f3 salir de aduana donde [&hellip;]<\/p>\n","protected":false},"author":1,"featured_media":11018,"comment_status":"closed","ping_status":"closed","sticky":false,"template":"","format":"standard","meta":{"fifu_image_url":"","fifu_image_alt":"","footnotes":""},"categories":[22,45],"tags":[],"class_list":["post-11017","post","type-post","status-publish","format-standard","has-post-thumbnail","hentry","category-bolivia","category-sociedad"],"_links":{"self":[{"href":"https:\/\/stbnoticias.com\/index.php\/wp-json\/wp\/v2\/posts\/11017","targetHints":{"allow":["GET"]}}],"collection":[{"href":"https:\/\/stbnoticias.com\/index.php\/wp-json\/wp\/v2\/posts"}],"about":[{"href":"https:\/\/stbnoticias.com\/index.php\/wp-json\/wp\/v2\/types\/post"}],"author":[{"embeddable":true,"href":"https:\/\/stbnoticias.com\/index.php\/wp-json\/wp\/v2\/users\/1"}],"replies":[{"embeddable":true,"href":"https:\/\/stbnoticias.com\/index.php\/wp-json\/wp\/v2\/comments?post=11017"}],"version-history":[{"count":1,"href":"https:\/\/stbnoticias.com\/index.php\/wp-json\/wp\/v2\/posts\/11017\/revisions"}],"predecessor-version":[{"id":11019,"href":"https:\/\/stbnoticias.com\/index.php\/wp-json\/wp\/v2\/posts\/11017\/revisions\/11019"}],"wp:featuredmedia":[{"embeddable":true,"href":"https:\/\/stbnoticias.com\/index.php\/wp-json\/wp\/v2\/media\/11018"}],"wp:attachment":[{"href":"https:\/\/stbnoticias.com\/index.php\/wp-json\/wp\/v2\/media?parent=11017"}],"wp:term":[{"taxonomy":"category","embeddable":true,"href":"https:\/\/stbnoticias.com\/index.php\/wp-json\/wp\/v2\/categories?post=11017"},{"taxonomy":"post_tag","embeddable":true,"href":"https:\/\/stbnoticias.com\/index.php\/wp-json\/wp\/v2\/tags?post=11017"}],"curies":[{"name":"wp","href":"https:\/\/api.w.org\/{rel}","templated":true}]}}