{"id":11038,"date":"2025-09-05T09:48:34","date_gmt":"2025-09-05T13:48:34","guid":{"rendered":"https:\/\/stbnoticias.com\/?p=11038"},"modified":"2025-09-05T09:48:34","modified_gmt":"2025-09-05T13:48:34","slug":"uzgado-de-oruro-concede-libertad-condicional-a-yassir-molina-lider-de-la-rjc","status":"publish","type":"post","link":"https:\/\/stbnoticias.com\/index.php\/2025\/09\/05\/uzgado-de-oruro-concede-libertad-condicional-a-yassir-molina-lider-de-la-rjc\/","title":{"rendered":"UZGADO DE ORURO CONCEDE LIBERTAD CONDICIONAL A YASSIR MOLINA L\u00cdDER DE LA RJC"},"content":{"rendered":"\n<p>El Juzgado de Ejecuci\u00f3n en lo Penal de Oruro concedi\u00f3 la libertad condicional <a><\/a>a Yassir Molina L., l\u00edder de la Resistencia Juvenil Cochala (RJC). La decisi\u00f3n se tom\u00f3 este jueves en el proceso por los da\u00f1os a la Fiscal\u00eda General del Estado en 2020. La audiencia dur\u00f3 de 10:00 a 13:00 y la salida ser\u00e1 a las 16:00, inform\u00f3 su abogado Juan Carlos Parisaca.<\/p>\n\n\n\n<figure class=\"wp-block-image size-full\"><img loading=\"lazy\" decoding=\"async\" width=\"750\" height=\"511\" src=\"https:\/\/stbnoticias.com\/wp-content\/uploads\/2025\/09\/image-7.png\" alt=\"\" class=\"wp-image-11039\" srcset=\"https:\/\/stbnoticias.com\/wp-content\/uploads\/2025\/09\/image-7.png 750w, https:\/\/stbnoticias.com\/wp-content\/uploads\/2025\/09\/image-7-300x204.png 300w\" sizes=\"auto, (max-width: 750px) 100vw, 750px\" \/><\/figure>\n\n\n\n<p>Molina fue condenado junto a otros miembros de la RJC, como los hermanos Fabio y Mario Bascop\u00e9, a seis a\u00f1os de prisi\u00f3n. Los delitos incluyen tenencia il\u00edcita, impedir funciones p\u00fablicas y da\u00f1o calificado. Los hechos ocurrieron en octubre de 2020, cuando la RJC da\u00f1\u00f3 la Fiscal\u00eda en medio de protestas en Sucre contra el entonces fiscal general, Juan Lanchipa.<\/p>\n\n\n\n<p>Para su libertad condicional, Molina debe permanecer en Oruro, no cambiar de domicilio, tener empleo y no cometer nuevos delitos. Tambi\u00e9n debe mantener arraigo y evitar v\u00ednculos con il\u00edcitos, especialmente tr\u00e1fico de sustancias controladas. Estas condiciones aplican durante el cumplimiento de su condena.<\/p>\n","protected":false},"excerpt":{"rendered":"<p>El Juzgado de Ejecuci\u00f3n en lo Penal de Oruro concedi\u00f3 la libertad condicional a Yassir Molina L., l\u00edder de la Resistencia Juvenil Cochala (RJC). La decisi\u00f3n se tom\u00f3 este jueves en el proceso por los da\u00f1os a la Fiscal\u00eda General del Estado en 2020. La audiencia dur\u00f3 de 10:00 a 13:00 y la salida ser\u00e1 [&hellip;]<\/p>\n","protected":false},"author":1,"featured_media":11039,"comment_status":"closed","ping_status":"closed","sticky":false,"template":"","format":"standard","meta":{"fifu_image_url":"","fifu_image_alt":"","footnotes":""},"categories":[1],"tags":[],"class_list":["post-11038","post","type-post","status-publish","format-standard","has-post-thumbnail","hentry","category-sin-categoria"],"_links":{"self":[{"href":"https:\/\/stbnoticias.com\/index.php\/wp-json\/wp\/v2\/posts\/11038","targetHints":{"allow":["GET"]}}],"collection":[{"href":"https:\/\/stbnoticias.com\/index.php\/wp-json\/wp\/v2\/posts"}],"about":[{"href":"https:\/\/stbnoticias.com\/index.php\/wp-json\/wp\/v2\/types\/post"}],"author":[{"embeddable":true,"href":"https:\/\/stbnoticias.com\/index.php\/wp-json\/wp\/v2\/users\/1"}],"replies":[{"embeddable":true,"href":"https:\/\/stbnoticias.com\/index.php\/wp-json\/wp\/v2\/comments?post=11038"}],"version-history":[{"count":1,"href":"https:\/\/stbnoticias.com\/index.php\/wp-json\/wp\/v2\/posts\/11038\/revisions"}],"predecessor-version":[{"id":11040,"href":"https:\/\/stbnoticias.com\/index.php\/wp-json\/wp\/v2\/posts\/11038\/revisions\/11040"}],"wp:featuredmedia":[{"embeddable":true,"href":"https:\/\/stbnoticias.com\/index.php\/wp-json\/wp\/v2\/media\/11039"}],"wp:attachment":[{"href":"https:\/\/stbnoticias.com\/index.php\/wp-json\/wp\/v2\/media?parent=11038"}],"wp:term":[{"taxonomy":"category","embeddable":true,"href":"https:\/\/stbnoticias.com\/index.php\/wp-json\/wp\/v2\/categories?post=11038"},{"taxonomy":"post_tag","embeddable":true,"href":"https:\/\/stbnoticias.com\/index.php\/wp-json\/wp\/v2\/tags?post=11038"}],"curies":[{"name":"wp","href":"https:\/\/api.w.org\/{rel}","templated":true}]}}