{"id":11057,"date":"2025-09-11T11:35:05","date_gmt":"2025-09-11T15:35:05","guid":{"rendered":"https:\/\/stbnoticias.com\/?p=11057"},"modified":"2025-09-11T11:35:05","modified_gmt":"2025-09-11T15:35:05","slug":"justicia-niega-libertad-a-zuniga-y-permanecera-en-penal-de-el-abra","status":"publish","type":"post","link":"https:\/\/stbnoticias.com\/index.php\/2025\/09\/11\/justicia-niega-libertad-a-zuniga-y-permanecera-en-penal-de-el-abra\/","title":{"rendered":"Justicia niega libertad a Z\u00fa\u00f1iga y permanecer\u00e1 en penal de El Abra"},"content":{"rendered":"\n<p><strong>El Tribunal Sexto de Sentencia de La Paz consider\u00f3 que, pese al tiempo transcurrido, persisten los fundamentos que motivaron la detenci\u00f3n del excomandante del Ej\u00e9rcito.<\/strong><\/p>\n\n\n\n<figure class=\"wp-block-image size-large\"><img loading=\"lazy\" decoding=\"async\" width=\"1024\" height=\"579\" src=\"https:\/\/stbnoticias.com\/wp-content\/uploads\/2025\/09\/image-13-1024x579.png\" alt=\"\" class=\"wp-image-11058\" srcset=\"https:\/\/stbnoticias.com\/wp-content\/uploads\/2025\/09\/image-13-1024x579.png 1024w, https:\/\/stbnoticias.com\/wp-content\/uploads\/2025\/09\/image-13-300x170.png 300w, https:\/\/stbnoticias.com\/wp-content\/uploads\/2025\/09\/image-13-768x435.png 768w, https:\/\/stbnoticias.com\/wp-content\/uploads\/2025\/09\/image-13.png 1170w\" sizes=\"auto, (max-width: 1024px) 100vw, 1024px\" \/><\/figure>\n\n\n\n<p>La justicia determin\u00f3 mantener la detenci\u00f3n preventiva del excomandante del Ej\u00e9rcito, Juan Jos\u00e9 Z\u00fa\u00f1iga, por su presunta participaci\u00f3n en el intento de \u201casonada militar\u201d registrada el 26 de junio de 2024.<\/p>\n\n\n\n<p>El Tribunal Sexto de Sentencia de La Paz neg\u00f3 su solicitud de cesaci\u00f3n de detenci\u00f3n, por lo que continuar\u00e1 privado de libertad en el penal de El Abra, en Cochabamba, donde permanece desde finales de junio de 2024.<\/p>\n\n\n\n<p>En la audiencia de cesaci\u00f3n a la detenci\u00f3n preventiva, la autoridad jurisdiccional consider\u00f3 que todav\u00eda existen riesgos procesales como la falta de acreditaci\u00f3n del domicilio; la facilidad que tiene para abandonar el pa\u00eds; de modificar, suprimir, eliminar elementos de prueba y la influencia en testigos y copart\u00edcipes, inform\u00f3 el fiscal Omar Mejillones, seg\u00fan ERBOL.<\/p>\n\n\n\n<p>\u201cPor tanto, se ha decidido negar esa solicitud y disponer que el se\u00f1or Z\u00fa\u00f1iga se mantenga en condici\u00f3n de detenci\u00f3n preventiva\u201d, inform\u00f3 el fiscal Omar Mejillones en conferencia de prensa.<\/p>\n\n\n\n<p>El fiscal explic\u00f3 que la decisi\u00f3n judicial se bas\u00f3 en la persistencia de riesgos procesales contemplados en los art\u00edculos 234 y 235 del C\u00f3digo de Procedimiento Penal.<\/p>\n\n\n\n<p>Entre ellos, el peligro de fuga debido a la falta de domicilio acreditado y la posibilidad de que el imputado influya en testigos o destruya evidencia.<\/p>\n\n\n\n<p>La audiencia virtual se llev\u00f3 a cabo este mi\u00e9rcoles desde las 09.00 y se prolong\u00f3 por m\u00e1s de dos horas. La defensa de Z\u00fa\u00f1iga argument\u00f3 que el exjefe militar lleva m\u00e1s de un a\u00f1o detenido sin que se haya iniciado el juicio.<\/p>\n\n\n\n<p>Sin embargo, el tribunal consider\u00f3 que, pese al tiempo transcurrido, persisten los fundamentos que motivaron su detenci\u00f3n.<\/p>\n\n\n\n<p>El general Z\u00fa\u00f1iga fue aprehendido el 29 de junio de 2024, tres d\u00edas despu\u00e9s de encabezar, seg\u00fan el gobierno, el fallido ingreso militar a la Plaza Murillo.<\/p>\n\n\n\n<p>Actualmente enfrenta cargos por alzamiento armado contra la seguridad del Estado, terrorismo y resoluciones contrarias a la Constituci\u00f3n y las leyes, junto a una treintena de uniformados y civiles.<\/p>\n\n\n\n<p>La abogada del imputado cuestion\u00f3 la resoluci\u00f3n judicial y sostuvo que su defendido esperaba poder enfrentar el proceso en libertad.<\/p>\n\n\n\n<p>\u201cEs una decepci\u00f3n (para Z\u00fa\u00f1iga), tanto emocional porque la situaci\u00f3n de un privado de libertad es lo emocional y se ha creado una expectativa de ver que \u00e9l pudiese salir y pudiese defenderse en libertad tal cual lo han hecho otras personas que ya gozan de su libertad\u201d, manifest\u00f3 en declaraciones a radio \u00c9xito.<\/p>\n\n\n\n<p>Z\u00fa\u00f1iga es considerado por la Fiscal\u00eda como uno de los principales articuladores del denominado \u201cGolpe Fallido\u201d. El 12 de mayo de 2025, el Ministerio P\u00fablico present\u00f3 la acusaci\u00f3n formal contra 22 personas, entre ellas militares en retiro, oficiales en servicio pasivo y varios civiles. La investigaci\u00f3n se encuentra en etapa preparatoria a la espera de la apertura del juicio oral.<\/p>\n","protected":false},"excerpt":{"rendered":"<p>El Tribunal Sexto de Sentencia de La Paz consider\u00f3 que, pese al tiempo transcurrido, persisten los fundamentos que motivaron la detenci\u00f3n del excomandante del Ej\u00e9rcito. La justicia determin\u00f3 mantener la detenci\u00f3n preventiva del excomandante del Ej\u00e9rcito, Juan Jos\u00e9 Z\u00fa\u00f1iga, por su presunta participaci\u00f3n en el intento de \u201casonada militar\u201d registrada el 26 de junio de [&hellip;]<\/p>\n","protected":false},"author":1,"featured_media":11058,"comment_status":"closed","ping_status":"closed","sticky":false,"template":"","format":"standard","meta":{"fifu_image_url":"","fifu_image_alt":"","footnotes":""},"categories":[1],"tags":[],"class_list":["post-11057","post","type-post","status-publish","format-standard","has-post-thumbnail","hentry","category-sin-categoria"],"_links":{"self":[{"href":"https:\/\/stbnoticias.com\/index.php\/wp-json\/wp\/v2\/posts\/11057","targetHints":{"allow":["GET"]}}],"collection":[{"href":"https:\/\/stbnoticias.com\/index.php\/wp-json\/wp\/v2\/posts"}],"about":[{"href":"https:\/\/stbnoticias.com\/index.php\/wp-json\/wp\/v2\/types\/post"}],"author":[{"embeddable":true,"href":"https:\/\/stbnoticias.com\/index.php\/wp-json\/wp\/v2\/users\/1"}],"replies":[{"embeddable":true,"href":"https:\/\/stbnoticias.com\/index.php\/wp-json\/wp\/v2\/comments?post=11057"}],"version-history":[{"count":1,"href":"https:\/\/stbnoticias.com\/index.php\/wp-json\/wp\/v2\/posts\/11057\/revisions"}],"predecessor-version":[{"id":11059,"href":"https:\/\/stbnoticias.com\/index.php\/wp-json\/wp\/v2\/posts\/11057\/revisions\/11059"}],"wp:featuredmedia":[{"embeddable":true,"href":"https:\/\/stbnoticias.com\/index.php\/wp-json\/wp\/v2\/media\/11058"}],"wp:attachment":[{"href":"https:\/\/stbnoticias.com\/index.php\/wp-json\/wp\/v2\/media?parent=11057"}],"wp:term":[{"taxonomy":"category","embeddable":true,"href":"https:\/\/stbnoticias.com\/index.php\/wp-json\/wp\/v2\/categories?post=11057"},{"taxonomy":"post_tag","embeddable":true,"href":"https:\/\/stbnoticias.com\/index.php\/wp-json\/wp\/v2\/tags?post=11057"}],"curies":[{"name":"wp","href":"https:\/\/api.w.org\/{rel}","templated":true}]}}