{"id":11114,"date":"2025-09-24T10:29:15","date_gmt":"2025-09-24T14:29:15","guid":{"rendered":"https:\/\/stbnoticias.com\/?p=11114"},"modified":"2025-09-24T10:29:16","modified_gmt":"2025-09-24T14:29:16","slug":"iris-victima-fatal-del-festival-de-oruro-murio-por-asfixia-por-compresion-del-torax","status":"publish","type":"post","link":"https:\/\/stbnoticias.com\/index.php\/2025\/09\/24\/iris-victima-fatal-del-festival-de-oruro-murio-por-asfixia-por-compresion-del-torax\/","title":{"rendered":"IRIS, V\u00cdCTIMA FATAL DEL FESTIVAL DE ORURO, MURI\u00d3 POR ASFIXIA POR COMPRESI\u00d3N DEL T\u00d3RAX"},"content":{"rendered":"\n<p>El fiscal departamental de Oruro, Aldo Morales, inform\u00f3 que la autopsia <a><\/a>legal revel\u00f3 la causa del deceso de Iris G., la joven estudiante de 18 a\u00f1os, quien cursaba el primer a\u00f1o de Derecho en la Universidad Privada Domingo Savio, y perdi\u00f3 la vida el domingo, producto de una avalancha en un festival de Oruro.<\/p>\n\n\n\n<figure class=\"wp-block-image size-full\"><img loading=\"lazy\" decoding=\"async\" width=\"960\" height=\"540\" src=\"https:\/\/stbnoticias.com\/wp-content\/uploads\/2025\/09\/image-24.png\" alt=\"\" class=\"wp-image-11115\" srcset=\"https:\/\/stbnoticias.com\/wp-content\/uploads\/2025\/09\/image-24.png 960w, https:\/\/stbnoticias.com\/wp-content\/uploads\/2025\/09\/image-24-300x169.png 300w, https:\/\/stbnoticias.com\/wp-content\/uploads\/2025\/09\/image-24-768x432.png 768w\" sizes=\"auto, (max-width: 960px) 100vw, 960px\" \/><\/figure>\n\n\n\n<p>\u201cSe tiene la autopsia de una de ellas donde dice asfixia por compresi\u00f3n del t\u00f3rax son aspectos que llaman la atenci\u00f3n. Se prioriz\u00f3 el tema econ\u00f3mico porque la gente segu\u00eda ingresando al lugar sin considerar que ya estaba lleno, para recuperar un monto econ\u00f3mico sin pensar en la seguridad de los estudiantes\u201d, asever\u00f3 Morales, a Cadena A.<\/p>\n\n\n\n<p>SIN AUTORIZACI\u00d3N<\/p>\n\n\n\n<p>Morales a\u00f1adi\u00f3 que el colegio no ten\u00eda la autorizaci\u00f3n de la Direcci\u00f3n Distrital de Educaci\u00f3n, el lugar donde se llev\u00f3 la fiesta no era apto y hubo falta de organizaci\u00f3n y seguridad hacia el p\u00fablico.<\/p>\n\n\n\n<p>\u201cUn permiso que no habr\u00eda dado la direcci\u00f3n distrital de educaci\u00f3n al colegio. La organizaci\u00f3n y la falta de log\u00edstica con relaci\u00f3n a la seguridad que debe tener una persona, no exist\u00eda puertas de emergencia, es una cancha polifuncional que est\u00e1 dise\u00f1ada para actos deportivos y no para fiestas ni presentaciones\u201d, afirm\u00f3 Morales.<\/p>\n\n\n\n<p>Seg\u00fan el fiscal, el vocalista del grupo Sangre Cumbiera se lanz\u00f3 a los estudiantes, provocando una especie de efecto \u201cdomin\u00f3\u201d.<\/p>\n\n\n\n<p>El informe de la Polic\u00eda expone que hubo dos avalanchas, el primero en las afueras de la cancha, donde muri\u00f3 la v\u00edctima.<\/p>\n","protected":false},"excerpt":{"rendered":"<p>El fiscal departamental de Oruro, Aldo Morales, inform\u00f3 que la autopsia legal revel\u00f3 la causa del deceso de Iris G., la joven estudiante de 18 a\u00f1os, quien cursaba el primer a\u00f1o de Derecho en la Universidad Privada Domingo Savio, y perdi\u00f3 la vida el domingo, producto de una avalancha en un festival de Oruro. \u201cSe [&hellip;]<\/p>\n","protected":false},"author":1,"featured_media":11115,"comment_status":"closed","ping_status":"closed","sticky":false,"template":"","format":"standard","meta":{"fifu_image_url":"","fifu_image_alt":"","footnotes":""},"categories":[22],"tags":[],"class_list":["post-11114","post","type-post","status-publish","format-standard","has-post-thumbnail","hentry","category-bolivia"],"_links":{"self":[{"href":"https:\/\/stbnoticias.com\/index.php\/wp-json\/wp\/v2\/posts\/11114","targetHints":{"allow":["GET"]}}],"collection":[{"href":"https:\/\/stbnoticias.com\/index.php\/wp-json\/wp\/v2\/posts"}],"about":[{"href":"https:\/\/stbnoticias.com\/index.php\/wp-json\/wp\/v2\/types\/post"}],"author":[{"embeddable":true,"href":"https:\/\/stbnoticias.com\/index.php\/wp-json\/wp\/v2\/users\/1"}],"replies":[{"embeddable":true,"href":"https:\/\/stbnoticias.com\/index.php\/wp-json\/wp\/v2\/comments?post=11114"}],"version-history":[{"count":1,"href":"https:\/\/stbnoticias.com\/index.php\/wp-json\/wp\/v2\/posts\/11114\/revisions"}],"predecessor-version":[{"id":11116,"href":"https:\/\/stbnoticias.com\/index.php\/wp-json\/wp\/v2\/posts\/11114\/revisions\/11116"}],"wp:featuredmedia":[{"embeddable":true,"href":"https:\/\/stbnoticias.com\/index.php\/wp-json\/wp\/v2\/media\/11115"}],"wp:attachment":[{"href":"https:\/\/stbnoticias.com\/index.php\/wp-json\/wp\/v2\/media?parent=11114"}],"wp:term":[{"taxonomy":"category","embeddable":true,"href":"https:\/\/stbnoticias.com\/index.php\/wp-json\/wp\/v2\/categories?post=11114"},{"taxonomy":"post_tag","embeddable":true,"href":"https:\/\/stbnoticias.com\/index.php\/wp-json\/wp\/v2\/tags?post=11114"}],"curies":[{"name":"wp","href":"https:\/\/api.w.org\/{rel}","templated":true}]}}