{"id":11120,"date":"2025-09-24T10:31:44","date_gmt":"2025-09-24T14:31:44","guid":{"rendered":"https:\/\/stbnoticias.com\/?p=11120"},"modified":"2025-09-24T10:31:44","modified_gmt":"2025-09-24T14:31:44","slug":"cae-por-narcotrafico-felipe-caceres-el-exviceministro-antidrogas-del-gobierno-de-evo-morales","status":"publish","type":"post","link":"https:\/\/stbnoticias.com\/index.php\/2025\/09\/24\/cae-por-narcotrafico-felipe-caceres-el-exviceministro-antidrogas-del-gobierno-de-evo-morales\/","title":{"rendered":"CAE POR NARCOTR\u00c1FICO FELIPE C\u00c1CERES, EL EXVICEMINISTRO ANTIDROGAS DEL GOBIERNO DE EVO MORALES"},"content":{"rendered":"\n<p>Felipe C\u00e1ceres, exviceministro de Defensa Social y Sustancias <a><\/a>Controladas del gobierno de Evo Morales, fue aprehendido en un predio de su propiedad ubicado en la provincia Carrasco de Cochabamba donde funcionaba un laboratorio de cristalizaci\u00f3n de clorhidrato de coca\u00edna.<\/p>\n\n\n\n<figure class=\"wp-block-image size-full\"><img loading=\"lazy\" decoding=\"async\" width=\"804\" height=\"475\" src=\"https:\/\/stbnoticias.com\/wp-content\/uploads\/2025\/09\/image-26.png\" alt=\"\" class=\"wp-image-11121\" srcset=\"https:\/\/stbnoticias.com\/wp-content\/uploads\/2025\/09\/image-26.png 804w, https:\/\/stbnoticias.com\/wp-content\/uploads\/2025\/09\/image-26-300x177.png 300w, https:\/\/stbnoticias.com\/wp-content\/uploads\/2025\/09\/image-26-768x454.png 768w\" sizes=\"auto, (max-width: 804px) 100vw, 804px\" \/><\/figure>\n\n\n\n<p>El operativo se ejecut\u00f3 la madrugada de este martes en la Central 1ro de Mayo, Sindicato Esmeralda, del municipio Puerto Villarroel durante labores de interdicci\u00f3n al narcotr\u00e1fico.<\/p>\n\n\n\n<p>De acuerdo con el reporte de la intervenci\u00f3n, en el laboratorio se encontraron diferentes \u00e1reas como de diluido, cernido y filtrado (discoteca), \u00e1rea de filtrado de acetato y destilaci\u00f3n de \u00e1cido, \u00e1rea de secado prensado, \u00e1rea de dep\u00f3sito de sustancias l\u00edquidas, todo de una capacidad de 10 personas para el trabajo.<\/p>\n\n\n\n<p>En el operativo, los agentes antidrogas tambi\u00e9n encontraron a unos 500 metros, aproximadamente, una empresa de \u00e1ridos (piedra y arena) donde se identifica como propietario de la empresa a C\u00e1ceres ya que la factor\u00eda se encontraba en el mismo predio.<\/p>\n","protected":false},"excerpt":{"rendered":"<p>Felipe C\u00e1ceres, exviceministro de Defensa Social y Sustancias Controladas del gobierno de Evo Morales, fue aprehendido en un predio de su propiedad ubicado en la provincia Carrasco de Cochabamba donde funcionaba un laboratorio de cristalizaci\u00f3n de clorhidrato de coca\u00edna. El operativo se ejecut\u00f3 la madrugada de este martes en la Central 1ro de Mayo, Sindicato [&hellip;]<\/p>\n","protected":false},"author":1,"featured_media":11121,"comment_status":"closed","ping_status":"closed","sticky":false,"template":"","format":"standard","meta":{"fifu_image_url":"","fifu_image_alt":"","footnotes":""},"categories":[1],"tags":[],"class_list":["post-11120","post","type-post","status-publish","format-standard","has-post-thumbnail","hentry","category-sin-categoria"],"_links":{"self":[{"href":"https:\/\/stbnoticias.com\/index.php\/wp-json\/wp\/v2\/posts\/11120","targetHints":{"allow":["GET"]}}],"collection":[{"href":"https:\/\/stbnoticias.com\/index.php\/wp-json\/wp\/v2\/posts"}],"about":[{"href":"https:\/\/stbnoticias.com\/index.php\/wp-json\/wp\/v2\/types\/post"}],"author":[{"embeddable":true,"href":"https:\/\/stbnoticias.com\/index.php\/wp-json\/wp\/v2\/users\/1"}],"replies":[{"embeddable":true,"href":"https:\/\/stbnoticias.com\/index.php\/wp-json\/wp\/v2\/comments?post=11120"}],"version-history":[{"count":1,"href":"https:\/\/stbnoticias.com\/index.php\/wp-json\/wp\/v2\/posts\/11120\/revisions"}],"predecessor-version":[{"id":11122,"href":"https:\/\/stbnoticias.com\/index.php\/wp-json\/wp\/v2\/posts\/11120\/revisions\/11122"}],"wp:featuredmedia":[{"embeddable":true,"href":"https:\/\/stbnoticias.com\/index.php\/wp-json\/wp\/v2\/media\/11121"}],"wp:attachment":[{"href":"https:\/\/stbnoticias.com\/index.php\/wp-json\/wp\/v2\/media?parent=11120"}],"wp:term":[{"taxonomy":"category","embeddable":true,"href":"https:\/\/stbnoticias.com\/index.php\/wp-json\/wp\/v2\/categories?post=11120"},{"taxonomy":"post_tag","embeddable":true,"href":"https:\/\/stbnoticias.com\/index.php\/wp-json\/wp\/v2\/tags?post=11120"}],"curies":[{"name":"wp","href":"https:\/\/api.w.org\/{rel}","templated":true}]}}