{"id":11130,"date":"2025-09-29T18:23:52","date_gmt":"2025-09-29T22:23:52","guid":{"rendered":"https:\/\/stbnoticias.com\/?p=11130"},"modified":"2025-09-29T18:23:52","modified_gmt":"2025-09-29T22:23:52","slug":"confirman-aprehension-de-exsacerdote-acusado-de-abusar-a-30-ninos-en-bolivia-anuncia-extradicion-de-uruguay","status":"publish","type":"post","link":"https:\/\/stbnoticias.com\/index.php\/2025\/09\/29\/confirman-aprehension-de-exsacerdote-acusado-de-abusar-a-30-ninos-en-bolivia-anuncia-extradicion-de-uruguay\/","title":{"rendered":"Confirman aprehensi\u00f3n de exsacerdote acusado de abusar a 30 ni\u00f1os en Bolivia; anuncia extradici\u00f3n de Uruguay"},"content":{"rendered":"\n<p>El hombre ha estado pr\u00f3fugo de la justicia por al menos 17 a\u00f1os. No obstante, se conoc\u00eda que estaba en un barrio de Salto, lim\u00edtrofe con Argentina a vista de las autoridades.<\/p>\n\n\n\n<figure class=\"wp-block-image size-full\"><img loading=\"lazy\" decoding=\"async\" width=\"905\" height=\"511\" src=\"https:\/\/stbnoticias.com\/wp-content\/uploads\/2025\/09\/image-29.png\" alt=\"\" class=\"wp-image-11131\" srcset=\"https:\/\/stbnoticias.com\/wp-content\/uploads\/2025\/09\/image-29.png 905w, https:\/\/stbnoticias.com\/wp-content\/uploads\/2025\/09\/image-29-300x169.png 300w, https:\/\/stbnoticias.com\/wp-content\/uploads\/2025\/09\/image-29-768x434.png 768w\" sizes=\"auto, (max-width: 905px) 100vw, 905px\" \/><\/figure>\n\n\n\n<p>La Jefa Nacional de Asuntos Internacionales de la Fiscal\u00eda General del Estado, Mar\u00eda Luisa Herrera, confirm\u00f3 este viernes que, tras coordinaciones gestionadas con la Organizaci\u00f3n Internacional de Polic\u00eda Criminal (INTERPOL) y autoridades competentes de la Rep\u00fablica Oriental del Uruguay, se consigui\u00f3 la aprehensi\u00f3n del exsacerdote Juan Jos\u00e9&nbsp; Sant\u2019Anna Trinidad, de 51 a\u00f1os de edad, por el delito de Abuso Sexual con Agravante, presuntamente cometido en contra de menores de edad de un internado del departamento de Cochabamba, en Tapacar\u00ed, el a\u00f1o 2007.<\/p>\n\n\n\n<p>\u201cEl Fiscal asignado a la investigaci\u00f3n solicit\u00f3 la notificaci\u00f3n roja a INTERPOL para conocer el lugar exacto donde se encontraba escondida esta persona que fue denunciada el a\u00f1o 2007 en nuestro pa\u00eds por presuntos hechos de Abuso Deshonesto con Agravante, sin embargo, a partir de la modificaci\u00f3n del C\u00f3digo Penal el delito se cambi\u00f3 a Abuso Sexual con Agravante. Asimismo, ya se iniciaron todos los tr\u00e1mites correspondientes para ejecutar la extradici\u00f3n del sindicado para que responda en el pa\u00eds por las denuncias en su contra, considerando que existir\u00edan varias v\u00edctimas\u201d, sostuvo Herrera.<\/p>\n\n\n\n<p>De acuerdo a los antecedentes, el 5 de noviembre de 2007 personal de Sedeges de Cochabamba present\u00f3 la denuncia ante la Fiscal\u00eda indicando que el 27 de octubre del mismo a\u00f1o, se conoci\u00f3 que el entonces exsacerdote y administrador de un internado del departamento, identificado como Juan Jos\u00e9&nbsp; Sant\u2019Anna Trinidad, habr\u00eda abusado sexualmente a los internos del hogar, mismos que ten\u00edan entre los 6 y 18 a\u00f1os de edad.<\/p>\n\n\n\n<p>Seg\u00fan las investigaciones preliminares y a las declaraciones de las v\u00edctimas, las agresiones se registraron en distintas ocasiones desde mucho antes de que se presentara la denuncia.<\/p>\n\n\n\n<p>Con todos estos antecedentes, el Ministerio P\u00fablico de Bolivia inici\u00f3 con los tr\u00e1mites correspondientes para realizar la solicitud formal de extradici\u00f3n a la Rep\u00fablica Oriental del Uruguay para que el sospechoso sea puesto a disposici\u00f3n de la justicia boliviana y asuma defensa por las denuncias en su contra.<\/p>\n","protected":false},"excerpt":{"rendered":"<p>El hombre ha estado pr\u00f3fugo de la justicia por al menos 17 a\u00f1os. No obstante, se conoc\u00eda que estaba en un barrio de Salto, lim\u00edtrofe con Argentina a vista de las autoridades. La Jefa Nacional de Asuntos Internacionales de la Fiscal\u00eda General del Estado, Mar\u00eda Luisa Herrera, confirm\u00f3 este viernes que, tras coordinaciones gestionadas con [&hellip;]<\/p>\n","protected":false},"author":1,"featured_media":11131,"comment_status":"closed","ping_status":"closed","sticky":false,"template":"","format":"standard","meta":{"fifu_image_url":"","fifu_image_alt":"","footnotes":""},"categories":[22,33],"tags":[],"class_list":["post-11130","post","type-post","status-publish","format-standard","has-post-thumbnail","hentry","category-bolivia","category-cultura"],"_links":{"self":[{"href":"https:\/\/stbnoticias.com\/index.php\/wp-json\/wp\/v2\/posts\/11130","targetHints":{"allow":["GET"]}}],"collection":[{"href":"https:\/\/stbnoticias.com\/index.php\/wp-json\/wp\/v2\/posts"}],"about":[{"href":"https:\/\/stbnoticias.com\/index.php\/wp-json\/wp\/v2\/types\/post"}],"author":[{"embeddable":true,"href":"https:\/\/stbnoticias.com\/index.php\/wp-json\/wp\/v2\/users\/1"}],"replies":[{"embeddable":true,"href":"https:\/\/stbnoticias.com\/index.php\/wp-json\/wp\/v2\/comments?post=11130"}],"version-history":[{"count":1,"href":"https:\/\/stbnoticias.com\/index.php\/wp-json\/wp\/v2\/posts\/11130\/revisions"}],"predecessor-version":[{"id":11132,"href":"https:\/\/stbnoticias.com\/index.php\/wp-json\/wp\/v2\/posts\/11130\/revisions\/11132"}],"wp:featuredmedia":[{"embeddable":true,"href":"https:\/\/stbnoticias.com\/index.php\/wp-json\/wp\/v2\/media\/11131"}],"wp:attachment":[{"href":"https:\/\/stbnoticias.com\/index.php\/wp-json\/wp\/v2\/media?parent=11130"}],"wp:term":[{"taxonomy":"category","embeddable":true,"href":"https:\/\/stbnoticias.com\/index.php\/wp-json\/wp\/v2\/categories?post=11130"},{"taxonomy":"post_tag","embeddable":true,"href":"https:\/\/stbnoticias.com\/index.php\/wp-json\/wp\/v2\/tags?post=11130"}],"curies":[{"name":"wp","href":"https:\/\/api.w.org\/{rel}","templated":true}]}}