{"id":11133,"date":"2025-09-29T18:25:49","date_gmt":"2025-09-29T22:25:49","guid":{"rendered":"https:\/\/stbnoticias.com\/?p=11133"},"modified":"2025-09-29T18:25:50","modified_gmt":"2025-09-29T22:25:50","slug":"el-area-de-conservacion-alarachi-es-declarada-zona-prioritaria-en-el-departamento-de-tarija","status":"publish","type":"post","link":"https:\/\/stbnoticias.com\/index.php\/2025\/09\/29\/el-area-de-conservacion-alarachi-es-declarada-zona-prioritaria-en-el-departamento-de-tarija\/","title":{"rendered":"EL \u00c1REA DE CONSERVACI\u00d3N ALARACHI ES DECLARADA ZONA PRIORITARIA EN EL DEPARTAMENTO DE TARIJA"},"content":{"rendered":"\n<p>El complejo de conservaci\u00f3n de Alarachi, del cual forma parte la reserva natural privada Cuyambuyo y Cayotal, no est\u00e1 solo. El decreto 032\/2025 lo respalda, al haberlo declarado como zona de prioridad e importancia departamental para la conservaci\u00f3n y protecci\u00f3n. <\/p>\n\n\n\n<figure class=\"wp-block-image size-full\"><img loading=\"lazy\" decoding=\"async\" width=\"720\" height=\"540\" src=\"https:\/\/stbnoticias.com\/wp-content\/uploads\/2025\/09\/image-30.png\" alt=\"\" class=\"wp-image-11134\" srcset=\"https:\/\/stbnoticias.com\/wp-content\/uploads\/2025\/09\/image-30.png 720w, https:\/\/stbnoticias.com\/wp-content\/uploads\/2025\/09\/image-30-300x225.png 300w\" sizes=\"auto, (max-width: 720px) 100vw, 720px\" \/><\/figure>\n\n\n\n<p>Y es que este territorio de 1.145,8 hect\u00e1reas, contribuye a la conexi\u00f3n f\u00edsica y esencial entre la Reserva Nacional de Flora y Fauna Tariqu\u00eda, en Bolivia, y el Parque Nacional Barit\u00fa, en la provincia de Salta, Argentina. Juntos permiten un corredor ecol\u00f3gico internacional, asegurando el flujo gen\u00e9tico, as\u00ed como la dispersi\u00f3n de especies de flora y fauna.<\/p>\n\n\n\n<p>Se trata de un territorio indivisible, creado en 2001 para contribuir con la conexi\u00f3n ecol\u00f3gica y garantizar los procesos naturales de su biodiversidad. Hasta ahora, la ONG PROMETA jug\u00f3 un papel importante para mantener su conservaci\u00f3n, porque entiende que es una zona crucial de servicios ecosist\u00e9micos en Tarija. El complejo est\u00e1 ubicado exactamente en el centro oriental de los Andes, dentro de los cantones de La Mamora y Emboroz\u00fa del municipio de Padcaya.<\/p>\n\n\n\n<p>Alarachi resguarda valiosas porciones del bosque h\u00famedo, considerado por los estudiosos como uno de los ecosistemas mejor conservados de su tipo en el departamento. Sus \u00e1rboles en pie almacenan grandes cantidades de di\u00f3xido de carbono (CO2), lo que contribuye a la mitigaci\u00f3n del cambio clim\u00e1tico global.<\/p>\n\n\n\n<p>En este lugar se puede encontrar especies de flora nativas, donde destacan \u00e1rboles como el pino del cerro (Podocarpus parlatorei), flor de alpamato (Myrcianthes pseudomato), una especie end\u00e9mica de Bolivia y Argentina, y la existencia de un singular bosque de helechos arb\u00f3reos (Alsophila odoneliana), el m\u00e1s austral en Bolivia, conocido como el \u00abbosque prehist\u00f3rico\u00bb. Pero tambi\u00e9n alberga importantes fuentes h\u00eddricas, siendo un crucial reservorio para las comunidades locales, que sirven para alimentar sistemas de agua potable, como por ejemplo para la comunidad de La Mamora y nacientes del r\u00edo Pinos.<\/p>\n\n\n\n<p>Respecto a la fauna del lugar, el Complejo de Conservaci\u00f3n Alarachi, reserva natural privada Cuyambuyo, es hogar de mam\u00edferos emblem\u00e1ticos y a menudo amenazados, como el tapir amaz\u00f3nico (Tapirus terrestris) clasificado como vulnerable, el mono silbador (Sapajus apella) y uno de los grandes depredadores sudamericanos el jaguar (Panthera onca) que transitan libremente por el lugar.<\/p>\n\n\n\n<p>En cuanto a la avifauna una de las especies m\u00e1s significativas es el loro pinero (Amazona tucumana), categorizada como vulnerable, as\u00ed tambi\u00e9n la importancia de Alarachi para la ciencia se ha evidenciado con el descubrimiento y reporte de una nueva subespecie de mariposa en 2011, Morpho helenor prometa.<\/p>\n","protected":false},"excerpt":{"rendered":"<p>El complejo de conservaci\u00f3n de Alarachi, del cual forma parte la reserva natural privada Cuyambuyo y Cayotal, no est\u00e1 solo. El decreto 032\/2025 lo respalda, al haberlo declarado como zona de prioridad e importancia departamental para la conservaci\u00f3n y protecci\u00f3n. Y es que este territorio de 1.145,8 hect\u00e1reas, contribuye a la conexi\u00f3n f\u00edsica y esencial [&hellip;]<\/p>\n","protected":false},"author":1,"featured_media":11134,"comment_status":"closed","ping_status":"closed","sticky":false,"template":"","format":"standard","meta":{"fifu_image_url":"","fifu_image_alt":"","footnotes":""},"categories":[22,45,23],"tags":[],"class_list":["post-11133","post","type-post","status-publish","format-standard","has-post-thumbnail","hentry","category-bolivia","category-sociedad","category-tarija"],"_links":{"self":[{"href":"https:\/\/stbnoticias.com\/index.php\/wp-json\/wp\/v2\/posts\/11133","targetHints":{"allow":["GET"]}}],"collection":[{"href":"https:\/\/stbnoticias.com\/index.php\/wp-json\/wp\/v2\/posts"}],"about":[{"href":"https:\/\/stbnoticias.com\/index.php\/wp-json\/wp\/v2\/types\/post"}],"author":[{"embeddable":true,"href":"https:\/\/stbnoticias.com\/index.php\/wp-json\/wp\/v2\/users\/1"}],"replies":[{"embeddable":true,"href":"https:\/\/stbnoticias.com\/index.php\/wp-json\/wp\/v2\/comments?post=11133"}],"version-history":[{"count":1,"href":"https:\/\/stbnoticias.com\/index.php\/wp-json\/wp\/v2\/posts\/11133\/revisions"}],"predecessor-version":[{"id":11135,"href":"https:\/\/stbnoticias.com\/index.php\/wp-json\/wp\/v2\/posts\/11133\/revisions\/11135"}],"wp:featuredmedia":[{"embeddable":true,"href":"https:\/\/stbnoticias.com\/index.php\/wp-json\/wp\/v2\/media\/11134"}],"wp:attachment":[{"href":"https:\/\/stbnoticias.com\/index.php\/wp-json\/wp\/v2\/media?parent=11133"}],"wp:term":[{"taxonomy":"category","embeddable":true,"href":"https:\/\/stbnoticias.com\/index.php\/wp-json\/wp\/v2\/categories?post=11133"},{"taxonomy":"post_tag","embeddable":true,"href":"https:\/\/stbnoticias.com\/index.php\/wp-json\/wp\/v2\/tags?post=11133"}],"curies":[{"name":"wp","href":"https:\/\/api.w.org\/{rel}","templated":true}]}}