{"id":11140,"date":"2025-10-07T11:19:49","date_gmt":"2025-10-07T15:19:49","guid":{"rendered":"https:\/\/stbnoticias.com\/?p=11140"},"modified":"2025-10-07T11:19:49","modified_gmt":"2025-10-07T15:19:49","slug":"encarcelan-a-vendedor-de-libros-por-supuesta-violacion","status":"publish","type":"post","link":"https:\/\/stbnoticias.com\/index.php\/2025\/10\/07\/encarcelan-a-vendedor-de-libros-por-supuesta-violacion\/","title":{"rendered":"ENCARCELAN A VENDEDOR DE LIBROS POR SUPUESTA VIOLACI\u00d3N"},"content":{"rendered":"\n<p>La justicia orden\u00f3 la detenci\u00f3n preventiva en el Centro de Readaptaci\u00f3n Productiva de El Palmar, <a><\/a>Yacuiba, para Artidoro Y.R., el vendedor de libros de 59 a\u00f1os de edad y de nacionalidad peruana que en pasados d\u00edas fue aprehendido por presuntamente violar a un adolescente de 14 a\u00f1os.<\/p>\n\n\n\n<figure class=\"wp-block-image size-full\"><img loading=\"lazy\" decoding=\"async\" width=\"640\" height=\"519\" src=\"https:\/\/stbnoticias.com\/wp-content\/uploads\/2025\/10\/image-1.png\" alt=\"\" class=\"wp-image-11141\" srcset=\"https:\/\/stbnoticias.com\/wp-content\/uploads\/2025\/10\/image-1.png 640w, https:\/\/stbnoticias.com\/wp-content\/uploads\/2025\/10\/image-1-300x243.png 300w\" sizes=\"auto, (max-width: 640px) 100vw, 640px\" \/><\/figure>\n\n\n\n<p>De acuerdo a la investigaci\u00f3n preliminar, el sindicado le daba dinero al menor para que no denunciara las agresiones.<\/p>\n\n\n\n<p>Antecedentes<\/p>\n\n\n\n<p>El caso se remonta al mi\u00e9rcoles pasado cuando un grupo de vecinos denunciaron al sospechoso tras verlo ingresar al menor al inmueble que alquilaba en el barrio La Playa. Poco despu\u00e9s fue aprehendido y conducido a celdas policiales de la Fuerza Especial de Lucha Contra la Violencia (FELCV).<\/p>\n\n\n\n<p>Mientras, el adolescente fue rescatado para luego ser estabilizado y entrevistado en c\u00e1mara Gesell por la Defensor\u00eda de la Ni\u00f1ez y Adolescencia (DNA).<\/p>\n\n\n\n<p>Tras las primeras indagaciones, el Ministerio P\u00fablico tipific\u00f3 el caso como violaci\u00f3n. Se estableci\u00f3 que el sujeto usaba el oficio de vendedor de libros y figuritas para ingresar en unidades educativas, as\u00ed habr\u00eda podido acercarse a su v\u00edctima.<\/p>\n\n\n\n<p>En total habr\u00eda tenido relaciones con el adolescente seis veces y este revel\u00f3 que en cada ocasi\u00f3n recib\u00eda dinero para que no lo delatara.<\/p>\n\n\n\n<p>De acuerdo al reporte oficial, la Fiscal\u00eda lo imput\u00f3 por el delito de violaci\u00f3n a ni\u00f1o, ni\u00f1a, adolescente y este domingo se instal\u00f3 la audiencia en la que un juez cautelar dict\u00f3 su detenci\u00f3n preventiva mientras transcurre la investigaci\u00f3n.<\/p>\n\n\n\n<p>A ra\u00edz de lo ocurrido, las autoridades locales recomendaron a las instituciones educativas tener m\u00e1s precauci\u00f3n para restringir el ingreso a personas desconocidas y que signifiquen un riesgo para los estudiantes.<\/p>\n","protected":false},"excerpt":{"rendered":"<p>La justicia orden\u00f3 la detenci\u00f3n preventiva en el Centro de Readaptaci\u00f3n Productiva de El Palmar, Yacuiba, para Artidoro Y.R., el vendedor de libros de 59 a\u00f1os de edad y de nacionalidad peruana que en pasados d\u00edas fue aprehendido por presuntamente violar a un adolescente de 14 a\u00f1os. De acuerdo a la investigaci\u00f3n preliminar, el sindicado [&hellip;]<\/p>\n","protected":false},"author":1,"featured_media":11141,"comment_status":"closed","ping_status":"closed","sticky":false,"template":"","format":"standard","meta":{"fifu_image_url":"","fifu_image_alt":"","footnotes":""},"categories":[22],"tags":[],"class_list":["post-11140","post","type-post","status-publish","format-standard","has-post-thumbnail","hentry","category-bolivia"],"_links":{"self":[{"href":"https:\/\/stbnoticias.com\/index.php\/wp-json\/wp\/v2\/posts\/11140","targetHints":{"allow":["GET"]}}],"collection":[{"href":"https:\/\/stbnoticias.com\/index.php\/wp-json\/wp\/v2\/posts"}],"about":[{"href":"https:\/\/stbnoticias.com\/index.php\/wp-json\/wp\/v2\/types\/post"}],"author":[{"embeddable":true,"href":"https:\/\/stbnoticias.com\/index.php\/wp-json\/wp\/v2\/users\/1"}],"replies":[{"embeddable":true,"href":"https:\/\/stbnoticias.com\/index.php\/wp-json\/wp\/v2\/comments?post=11140"}],"version-history":[{"count":1,"href":"https:\/\/stbnoticias.com\/index.php\/wp-json\/wp\/v2\/posts\/11140\/revisions"}],"predecessor-version":[{"id":11142,"href":"https:\/\/stbnoticias.com\/index.php\/wp-json\/wp\/v2\/posts\/11140\/revisions\/11142"}],"wp:featuredmedia":[{"embeddable":true,"href":"https:\/\/stbnoticias.com\/index.php\/wp-json\/wp\/v2\/media\/11141"}],"wp:attachment":[{"href":"https:\/\/stbnoticias.com\/index.php\/wp-json\/wp\/v2\/media?parent=11140"}],"wp:term":[{"taxonomy":"category","embeddable":true,"href":"https:\/\/stbnoticias.com\/index.php\/wp-json\/wp\/v2\/categories?post=11140"},{"taxonomy":"post_tag","embeddable":true,"href":"https:\/\/stbnoticias.com\/index.php\/wp-json\/wp\/v2\/tags?post=11140"}],"curies":[{"name":"wp","href":"https:\/\/api.w.org\/{rel}","templated":true}]}}