{"id":11146,"date":"2025-10-06T11:21:13","date_gmt":"2025-10-06T15:21:13","guid":{"rendered":"https:\/\/stbnoticias.com\/?p=11146"},"modified":"2025-10-07T11:21:21","modified_gmt":"2025-10-07T15:21:21","slug":"tras-debate-de-vices-lara-dice-que-formalizara-denuncia-contra-jp-por-caso-banco-fassil","status":"publish","type":"post","link":"https:\/\/stbnoticias.com\/index.php\/2025\/10\/06\/tras-debate-de-vices-lara-dice-que-formalizara-denuncia-contra-jp-por-caso-banco-fassil\/","title":{"rendered":"TRAS DEBATE DE \u2018VICES\u2019, LARA DICE QUE FORMALIZAR\u00c1 DENUNCIA CONTRA \u2018JP\u2019 POR CASO BANCO FASSIL"},"content":{"rendered":"\n<p>Luego del debate vicepresidencial, el candidato Edmand Lara <a><\/a>anunci\u00f3 que lo m\u00e1s antes posible formalizar\u00e1 una denuncia contra Juan Pablo Velasco por da\u00f1o econ\u00f3mico al Estado, debido al caso banco Fassil.<\/p>\n\n\n\n<figure class=\"wp-block-image size-full\"><img loading=\"lazy\" decoding=\"async\" width=\"960\" height=\"540\" src=\"https:\/\/stbnoticias.com\/wp-content\/uploads\/2025\/10\/image-3.png\" alt=\"\" class=\"wp-image-11147\" srcset=\"https:\/\/stbnoticias.com\/wp-content\/uploads\/2025\/10\/image-3.png 960w, https:\/\/stbnoticias.com\/wp-content\/uploads\/2025\/10\/image-3-300x169.png 300w, https:\/\/stbnoticias.com\/wp-content\/uploads\/2025\/10\/image-3-768x432.png 768w\" sizes=\"auto, (max-width: 960px) 100vw, 960px\" \/><\/figure>\n\n\n\n<p>Seg\u00fan Lara, Velasco minti\u00f3 al se\u00f1alar que no ten\u00eda nada que ver con el caso de la entidad financiera, puesto que habr\u00eda recibido dinero junto a sus hermanos.<\/p>\n\n\n\n<p>\u201cSiete mil acciones ten\u00eda Juan Pablo Velasco. \u00bfC\u00f3mo que no recibi\u00f3 plata del banco Fassil? \u00bfC\u00f3mo que no ten\u00eda relaci\u00f3n con su pap\u00e1? Le minti\u00f3 al pa\u00eds todo el tiempo Juan Pablo Velasco. Al igual que su pap\u00e1 debe devolver el dinero que le han robado a las personas de la tercera edad, debe devolver el fondo de pensiones. 2000 millones de d\u00f3lares puso la Gestora en el Banco Fassil\u201d, sostuvo.<\/p>\n\n\n\n<p>Asever\u00f3 que Juan Pablo Velasco cobr\u00f3 364.850 bolivianos y sus familiares tambi\u00e9n recibieron dinero. Mostr\u00f3 documentos en fotocopias.<\/p>\n\n\n\n<p>\u201cHemos venido a desenmascarar a Juan Pablo Velasco, a decirle al pa\u00eds que es un mentiroso, no solamente hab\u00eda sido racista y discriminador sino tambi\u00e9n un mentiroso y corrupto m\u00e1s, porque es parte del desfalco que hizo el banco Fassil al fondo de pensi\u00f3n de los jubilados\u201d, asever\u00f3.<\/p>\n\n\n\n<p>Incluso, Lara mencion\u00f3 el caso de Carlos Colodro, el interventor del banco Fassil, que falleci\u00f3 en 2023 en un hecho que las autoridades establecieron que fue un suicidio.<\/p>\n\n\n\n<p>\u201c\u00bfPor qu\u00e9 tan extra\u00f1a la muerte el se\u00f1or Colodro? Hay que preguntarse por qu\u00e9 la familia Velasco est\u00e1 involucrada en esto y no pasa nada. Aqu\u00ed est\u00e1 la sentencia de su pap\u00e1, una sentencia benevolente, tres a\u00f1os le han dado a su pap\u00e1 para que no pise la c\u00e1rcel, para que se beneficie con suspensi\u00f3n condicional de la pena, no ha devuelto absolutamente nada\u201d, agreg\u00f3.<\/p>\n","protected":false},"excerpt":{"rendered":"<p>Luego del debate vicepresidencial, el candidato Edmand Lara anunci\u00f3 que lo m\u00e1s antes posible formalizar\u00e1 una denuncia contra Juan Pablo Velasco por da\u00f1o econ\u00f3mico al Estado, debido al caso banco Fassil. Seg\u00fan Lara, Velasco minti\u00f3 al se\u00f1alar que no ten\u00eda nada que ver con el caso de la entidad financiera, puesto que habr\u00eda recibido dinero [&hellip;]<\/p>\n","protected":false},"author":1,"featured_media":11147,"comment_status":"closed","ping_status":"closed","sticky":false,"template":"","format":"standard","meta":{"fifu_image_url":"","fifu_image_alt":"","footnotes":""},"categories":[22,30],"tags":[],"class_list":["post-11146","post","type-post","status-publish","format-standard","has-post-thumbnail","hentry","category-bolivia","category-politica"],"_links":{"self":[{"href":"https:\/\/stbnoticias.com\/index.php\/wp-json\/wp\/v2\/posts\/11146","targetHints":{"allow":["GET"]}}],"collection":[{"href":"https:\/\/stbnoticias.com\/index.php\/wp-json\/wp\/v2\/posts"}],"about":[{"href":"https:\/\/stbnoticias.com\/index.php\/wp-json\/wp\/v2\/types\/post"}],"author":[{"embeddable":true,"href":"https:\/\/stbnoticias.com\/index.php\/wp-json\/wp\/v2\/users\/1"}],"replies":[{"embeddable":true,"href":"https:\/\/stbnoticias.com\/index.php\/wp-json\/wp\/v2\/comments?post=11146"}],"version-history":[{"count":1,"href":"https:\/\/stbnoticias.com\/index.php\/wp-json\/wp\/v2\/posts\/11146\/revisions"}],"predecessor-version":[{"id":11148,"href":"https:\/\/stbnoticias.com\/index.php\/wp-json\/wp\/v2\/posts\/11146\/revisions\/11148"}],"wp:featuredmedia":[{"embeddable":true,"href":"https:\/\/stbnoticias.com\/index.php\/wp-json\/wp\/v2\/media\/11147"}],"wp:attachment":[{"href":"https:\/\/stbnoticias.com\/index.php\/wp-json\/wp\/v2\/media?parent=11146"}],"wp:term":[{"taxonomy":"category","embeddable":true,"href":"https:\/\/stbnoticias.com\/index.php\/wp-json\/wp\/v2\/categories?post=11146"},{"taxonomy":"post_tag","embeddable":true,"href":"https:\/\/stbnoticias.com\/index.php\/wp-json\/wp\/v2\/tags?post=11146"}],"curies":[{"name":"wp","href":"https:\/\/api.w.org\/{rel}","templated":true}]}}