{"id":11152,"date":"2025-10-05T11:22:54","date_gmt":"2025-10-05T15:22:54","guid":{"rendered":"https:\/\/stbnoticias.com\/?p=11152"},"modified":"2025-10-07T11:23:01","modified_gmt":"2025-10-07T15:23:01","slug":"cae-vendedor-de-libros-por-violacion-a-un-menor","status":"publish","type":"post","link":"https:\/\/stbnoticias.com\/index.php\/2025\/10\/05\/cae-vendedor-de-libros-por-violacion-a-un-menor\/","title":{"rendered":"CAE VENDEDOR DE LIBROS POR VIOLACI\u00d3N A UN MENOR"},"content":{"rendered":"\n<p>En Yacuiba fue aprehendido un hombre de 59 a\u00f1os y de nacionalidad peruana que se dedicaba a la venta de libros <a><\/a>afuera de unidades educativas y que este mi\u00e9rcoles fue denunciado por vecinos del barrio La Playa por presuntamente violar a un adolescente de 14 a\u00f1os. Las agresiones habr\u00edan ocurrido en varias ocasiones y el sindicado le habr\u00eda dado dinero al menor para que no lo delate.<\/p>\n\n\n\n<figure class=\"wp-block-image size-full\"><img loading=\"lazy\" decoding=\"async\" width=\"960\" height=\"540\" src=\"https:\/\/stbnoticias.com\/wp-content\/uploads\/2025\/10\/image-5.png\" alt=\"\" class=\"wp-image-11153\" srcset=\"https:\/\/stbnoticias.com\/wp-content\/uploads\/2025\/10\/image-5.png 960w, https:\/\/stbnoticias.com\/wp-content\/uploads\/2025\/10\/image-5-300x169.png 300w, https:\/\/stbnoticias.com\/wp-content\/uploads\/2025\/10\/image-5-768x432.png 768w\" sizes=\"auto, (max-width: 960px) 100vw, 960px\" \/><\/figure>\n\n\n\n<p>Una vez se instale su audiencia de medidas cautelares, la Fiscal\u00eda pedir\u00e1 su detenci\u00f3n preventiva mientras transcurre la investigaci\u00f3n.<\/p>\n\n\n\n<p>Informe<\/p>\n\n\n\n<p>La responsable de la Defensor\u00eda de la Ni\u00f1ez y Adolescencia (DNA), Rita S\u00e1nchez, inform\u00f3 este jueves que el d\u00eda antes pasadas las 16.00 horas su unidad recibi\u00f3 la alerta por parte de un grupo de ciudadanos que dieron la ubicaci\u00f3n donde el sujeto se encontraba con el menor.<\/p>\n\n\n\n<p>Tanto esta unidad como la Fuerza Especial de Lucha Contra la Violencia (FELCV) acudieron de inmediato. Los uniformados procedieron primero al rescate y sacaron al adolescente por la parte trasera del inmueble, cubierto por completo para proteger su identidad. Luego fue trasladado a dependencias de la DNA. Mientras, el hombre fue ingresado a celdas policiales.<\/p>\n\n\n\n<p>La funcionaria indic\u00f3 que el menor ingres\u00f3 en estado de shock, con episodios de llanto y ansiedad. La entrevista en c\u00e1mara Gesell y los informes psicosociales se hicieron por la noche, una vez que los solicit\u00f3 la Fiscal\u00eda. Hasta entonces pudo ser contenido y ya estaba en condiciones de hablar.<\/p>\n\n\n\n<p>\u201cEl caso est\u00e1 tipificado como violaci\u00f3n. Ser\u00eda la sexta vez que el ciudadano habr\u00eda tenido relaciones con la v\u00edctima y despu\u00e9s le pagaba un monto de dinero\u201d, dijo S\u00e1nchez al explicar que todas esas vejaciones ocurrieron durante el \u00faltimo mes.<\/p>\n\n\n\n<p>La jefa de la DNA agreg\u00f3 que la madre tambi\u00e9n requiri\u00f3 acompa\u00f1amiento al enterarse lo ocurrido. Lament\u00f3 que la mujer es la \u00fanica a cargo del menor y de su hermana de 16 a\u00f1os. Entonces no cuenta con apoyo mientras sale a trabajar.<\/p>\n\n\n\n<p>Sobre el sujeto hasta el momento se conoce que vive solo en Yacuiba y se dedicaba a la venta de libros o figuritas en escuelas. Por ello se recomend\u00f3 mayor precauci\u00f3n tambi\u00e9n a autoridades educativas.<\/p>\n","protected":false},"excerpt":{"rendered":"<p>En Yacuiba fue aprehendido un hombre de 59 a\u00f1os y de nacionalidad peruana que se dedicaba a la venta de libros afuera de unidades educativas y que este mi\u00e9rcoles fue denunciado por vecinos del barrio La Playa por presuntamente violar a un adolescente de 14 a\u00f1os. Las agresiones habr\u00edan ocurrido en varias ocasiones y el [&hellip;]<\/p>\n","protected":false},"author":1,"featured_media":11153,"comment_status":"closed","ping_status":"closed","sticky":false,"template":"","format":"standard","meta":{"fifu_image_url":"","fifu_image_alt":"","footnotes":""},"categories":[22],"tags":[],"class_list":["post-11152","post","type-post","status-publish","format-standard","has-post-thumbnail","hentry","category-bolivia"],"_links":{"self":[{"href":"https:\/\/stbnoticias.com\/index.php\/wp-json\/wp\/v2\/posts\/11152","targetHints":{"allow":["GET"]}}],"collection":[{"href":"https:\/\/stbnoticias.com\/index.php\/wp-json\/wp\/v2\/posts"}],"about":[{"href":"https:\/\/stbnoticias.com\/index.php\/wp-json\/wp\/v2\/types\/post"}],"author":[{"embeddable":true,"href":"https:\/\/stbnoticias.com\/index.php\/wp-json\/wp\/v2\/users\/1"}],"replies":[{"embeddable":true,"href":"https:\/\/stbnoticias.com\/index.php\/wp-json\/wp\/v2\/comments?post=11152"}],"version-history":[{"count":1,"href":"https:\/\/stbnoticias.com\/index.php\/wp-json\/wp\/v2\/posts\/11152\/revisions"}],"predecessor-version":[{"id":11154,"href":"https:\/\/stbnoticias.com\/index.php\/wp-json\/wp\/v2\/posts\/11152\/revisions\/11154"}],"wp:featuredmedia":[{"embeddable":true,"href":"https:\/\/stbnoticias.com\/index.php\/wp-json\/wp\/v2\/media\/11153"}],"wp:attachment":[{"href":"https:\/\/stbnoticias.com\/index.php\/wp-json\/wp\/v2\/media?parent=11152"}],"wp:term":[{"taxonomy":"category","embeddable":true,"href":"https:\/\/stbnoticias.com\/index.php\/wp-json\/wp\/v2\/categories?post=11152"},{"taxonomy":"post_tag","embeddable":true,"href":"https:\/\/stbnoticias.com\/index.php\/wp-json\/wp\/v2\/tags?post=11152"}],"curies":[{"name":"wp","href":"https:\/\/api.w.org\/{rel}","templated":true}]}}