{"id":11175,"date":"2025-10-27T08:27:30","date_gmt":"2025-10-27T12:27:30","guid":{"rendered":"https:\/\/stbnoticias.com\/?p=11175"},"modified":"2025-10-27T08:27:31","modified_gmt":"2025-10-27T12:27:31","slug":"paz-y-su-equipo-se-reuniran-con-el-gobierno-de-trump-bid-y-banco-mundial","status":"publish","type":"post","link":"https:\/\/stbnoticias.com\/index.php\/2025\/10\/27\/paz-y-su-equipo-se-reuniran-con-el-gobierno-de-trump-bid-y-banco-mundial\/","title":{"rendered":"Paz y su equipo se reunir\u00e1n con el gobierno de Trump, BID y Banco Mundial"},"content":{"rendered":"\n<p>El presidente electo Rodrigo Paz y su equipo viajar\u00e1n la pr\u00f3xima semana a Washington, Estados Unidos. Durante la visita, Paz mantendr\u00e1 reuniones con el gobierno estadounidense de Donald Trump, as\u00ed como con organismos multilaterales como el Banco Interamericano de Desarrollo (BID) y el Banco Mundial, con el objetivo de definir una agenda de trabajo para el primer a\u00f1o de su gesti\u00f3n.<\/p>\n\n\n\n<figure class=\"wp-block-image size-full\"><img loading=\"lazy\" decoding=\"async\" width=\"937\" height=\"558\" src=\"https:\/\/stbnoticias.com\/wp-content\/uploads\/2025\/10\/2025102512593849295.webp\" alt=\"\" class=\"wp-image-11176\" srcset=\"https:\/\/stbnoticias.com\/wp-content\/uploads\/2025\/10\/2025102512593849295.webp 937w, https:\/\/stbnoticias.com\/wp-content\/uploads\/2025\/10\/2025102512593849295-300x179.webp 300w, https:\/\/stbnoticias.com\/wp-content\/uploads\/2025\/10\/2025102512593849295-768x457.webp 768w\" sizes=\"auto, (max-width: 937px) 100vw, 937px\" \/><\/figure>\n\n\n\n<p><em>El presidente electo de Bolivia, Rodrigo Paz, en reuni\u00f3n con empresarios en Santa Cruz. UNITEL<\/em><\/p>\n\n\n\n<p>\u201cHay una serie de invitaciones del gobierno norteamericano; estamos hablando del Departamento del Tesoro, del Departamento de Comercio y del Departamento de Estado, as\u00ed como de varias agencias estatales (de Estados Unidos) relacionadas con la econom\u00eda e inversiones\u201d, dijo Jos\u00e9 Gabriel Espinoza, l\u00edder del equipo econ\u00f3mico de Paz, a Urgente.bo.<\/p>\n\n\n\n<p>El viaje se realizar\u00e1 esta semana que viene y la delegaci\u00f3n estar\u00e1 conformada por Paz, Espinoza, Jos\u00e9 Luis Lupo (tambi\u00e9n miembro del equipo econ\u00f3mico), dos asesores y representantes relacionados con el sector de hidrocarburos.<\/p>\n\n\n\n<p>Espinoza detall\u00f3 que durante esta visita tambi\u00e9n se realizar\u00e1n reuniones con organismos multilaterales como el BID y el Banco Mundial. \u201cHay tambi\u00e9n una serie de reuniones con estos organismos, pensando ya en el futuro y en la relaci\u00f3n que vamos a tener con ellos. Hay una serie de elementos que hay que definir; el actual gobierno (de Luis Arce) est\u00e1 dejando una situaci\u00f3n absolutamente cr\u00edtica y, por lo tanto, nosotros debemos trabajar con ellos para ayudar a estabilizar la situaci\u00f3n\u201d, destac\u00f3.<\/p>\n\n\n\n<p>El l\u00edder del equipo econ\u00f3mico enfatiz\u00f3 que este encuentro tendr\u00e1 la misi\u00f3n de \u201cprofundizar relaciones\u201d en favor del sector privado y del pa\u00eds, construir una agenda de trabajo con Estados Unidos y con organismos multilaterales para el primer a\u00f1o de gobierno de Paz.<\/p>\n\n\n\n<p>\u201cEsperamos tener ya una agenda de trabajo, al menos durante el primer a\u00f1o de gobierno, que es fundamental. Avanzar en lo que tiene que ver con esta nueva forma de relaci\u00f3n que vamos a tener entre Bolivia y los organismos multilaterales. Hasta ahora Bolivia se plantea \u00fanicamente como deudor de estos organismos; ahora queremos ser facilitadores para el levantamiento de recursos, tanto para el gobierno, como para el sector privado y los gobiernos subnacionales\u201d, subray\u00f3.<\/p>\n\n\n\n<p>Espinoza finaliz\u00f3 se\u00f1alando que se debe seguir \u201cprofundizando la presencia de Bolivia en un entorno mucho m\u00e1s abierto. La se\u00f1al que hemos dado desde el primer d\u00eda de gobierno es que Bolivia est\u00e1 dispuesta a volver a abrirse al mundo\u201d.<\/p>\n","protected":false},"excerpt":{"rendered":"<p>El presidente electo Rodrigo Paz y su equipo viajar\u00e1n la pr\u00f3xima semana a Washington, Estados Unidos. Durante la visita, Paz mantendr\u00e1 reuniones con el gobierno estadounidense de Donald Trump, as\u00ed como con organismos multilaterales como el Banco Interamericano de Desarrollo (BID) y el Banco Mundial, con el objetivo de definir una agenda de trabajo para [&hellip;]<\/p>\n","protected":false},"author":1,"featured_media":11176,"comment_status":"closed","ping_status":"closed","sticky":false,"template":"","format":"standard","meta":{"fifu_image_url":"","fifu_image_alt":"","footnotes":""},"categories":[57],"tags":[],"class_list":["post-11175","post","type-post","status-publish","format-standard","has-post-thumbnail","hentry","category-coyuntura"],"_links":{"self":[{"href":"https:\/\/stbnoticias.com\/index.php\/wp-json\/wp\/v2\/posts\/11175","targetHints":{"allow":["GET"]}}],"collection":[{"href":"https:\/\/stbnoticias.com\/index.php\/wp-json\/wp\/v2\/posts"}],"about":[{"href":"https:\/\/stbnoticias.com\/index.php\/wp-json\/wp\/v2\/types\/post"}],"author":[{"embeddable":true,"href":"https:\/\/stbnoticias.com\/index.php\/wp-json\/wp\/v2\/users\/1"}],"replies":[{"embeddable":true,"href":"https:\/\/stbnoticias.com\/index.php\/wp-json\/wp\/v2\/comments?post=11175"}],"version-history":[{"count":1,"href":"https:\/\/stbnoticias.com\/index.php\/wp-json\/wp\/v2\/posts\/11175\/revisions"}],"predecessor-version":[{"id":11177,"href":"https:\/\/stbnoticias.com\/index.php\/wp-json\/wp\/v2\/posts\/11175\/revisions\/11177"}],"wp:featuredmedia":[{"embeddable":true,"href":"https:\/\/stbnoticias.com\/index.php\/wp-json\/wp\/v2\/media\/11176"}],"wp:attachment":[{"href":"https:\/\/stbnoticias.com\/index.php\/wp-json\/wp\/v2\/media?parent=11175"}],"wp:term":[{"taxonomy":"category","embeddable":true,"href":"https:\/\/stbnoticias.com\/index.php\/wp-json\/wp\/v2\/categories?post=11175"},{"taxonomy":"post_tag","embeddable":true,"href":"https:\/\/stbnoticias.com\/index.php\/wp-json\/wp\/v2\/tags?post=11175"}],"curies":[{"name":"wp","href":"https:\/\/api.w.org\/{rel}","templated":true}]}}