{"id":11202,"date":"2025-11-24T09:49:45","date_gmt":"2025-11-24T13:49:45","guid":{"rendered":"https:\/\/stbnoticias.com\/?p=11202"},"modified":"2025-11-25T10:50:10","modified_gmt":"2025-11-25T14:50:10","slug":"no-me-fui-a-rascar-lara-esta-en-bolivia-y-dice-que-paz-no-contesta-las-llamadas","status":"publish","type":"post","link":"https:\/\/stbnoticias.com\/index.php\/2025\/11\/24\/no-me-fui-a-rascar-lara-esta-en-bolivia-y-dice-que-paz-no-contesta-las-llamadas\/","title":{"rendered":"\u00abNO ME FUI A RASCAR\u00bb: LARA EST\u00c1 EN BOLIVIA Y DICE QUE PAZ NO CONTESTA LAS LLAMADAS"},"content":{"rendered":"\n<p>Luego de su viaje a Brasil, la semana pasada, para participar de la <a><\/a>Conferencia de las Naciones Unidas sobre el Cambio Clim\u00e1tico y asistir a la final de la Copa Sudamericana en Paraguay. El vicepresidente de Bolivia, Edmand Lara, retorn\u00f3 a Bolivia este lunes para asistir al aniversario del municipio de Arani, en Cochabamba y dijo que se ausent\u00f3 para cumplir una agenda de reuniones con organismos internacionales y que el presidente Rodrigo Paz no le contesta las llamadas.<\/p>\n\n\n\n<figure class=\"wp-block-image size-full\"><img loading=\"lazy\" decoding=\"async\" width=\"810\" height=\"540\" src=\"https:\/\/stbnoticias.com\/wp-content\/uploads\/2025\/11\/image-6.png\" alt=\"\" class=\"wp-image-11203\" srcset=\"https:\/\/stbnoticias.com\/wp-content\/uploads\/2025\/11\/image-6.png 810w, https:\/\/stbnoticias.com\/wp-content\/uploads\/2025\/11\/image-6-300x200.png 300w, https:\/\/stbnoticias.com\/wp-content\/uploads\/2025\/11\/image-6-768x512.png 768w\" sizes=\"auto, (max-width: 810px) 100vw, 810px\" \/><\/figure>\n\n\n\n<p><\/p>\n\n\n\n<p>\u201cNo s\u00e9 porque andan diciendo que no hago nada, yo he hecho mucho, me he reunido con embajadores de Corea del Sur, de China, Jap\u00f3n, me he reunido con el Embajador de India. El otro d\u00eda fui a representar a Bolivia en la COP 30, en Brasil. El presidente no quiso ir, yo fui, no fui a vacacionar, como dicen, me reun\u00ed todo el d\u00eda con organismos internacionales (&#8230;) no me he ido a rascar, como otros se rascan aqu\u00ed\u201d, explic\u00f3 Lara.<\/p>\n\n\n\n<p>El vicepresidente se present\u00f3 junto a su esposa, la diputada Diana Romeo, en el municipio cochabambino. \u201cLes digo a los corruptos yo no voy a renunciar, yo no soy cobarde, luchar\u00e9 por mi pueblo, que me puso ah\u00ed (&#8230;) a los corruptos se los derrota con unidad, no provoquen al pueblo\u201d, asever\u00f3 el vicepresidente.<\/p>\n","protected":false},"excerpt":{"rendered":"<p>Luego de su viaje a Brasil, la semana pasada, para participar de la Conferencia de las Naciones Unidas sobre el Cambio Clim\u00e1tico y asistir a la final de la Copa Sudamericana en Paraguay. El vicepresidente de Bolivia, Edmand Lara, retorn\u00f3 a Bolivia este lunes para asistir al aniversario del municipio de Arani, en Cochabamba y [&hellip;]<\/p>\n","protected":false},"author":1,"featured_media":11203,"comment_status":"closed","ping_status":"closed","sticky":false,"template":"","format":"standard","meta":{"fifu_image_url":"","fifu_image_alt":"","footnotes":""},"categories":[22],"tags":[],"class_list":["post-11202","post","type-post","status-publish","format-standard","has-post-thumbnail","hentry","category-bolivia"],"_links":{"self":[{"href":"https:\/\/stbnoticias.com\/index.php\/wp-json\/wp\/v2\/posts\/11202","targetHints":{"allow":["GET"]}}],"collection":[{"href":"https:\/\/stbnoticias.com\/index.php\/wp-json\/wp\/v2\/posts"}],"about":[{"href":"https:\/\/stbnoticias.com\/index.php\/wp-json\/wp\/v2\/types\/post"}],"author":[{"embeddable":true,"href":"https:\/\/stbnoticias.com\/index.php\/wp-json\/wp\/v2\/users\/1"}],"replies":[{"embeddable":true,"href":"https:\/\/stbnoticias.com\/index.php\/wp-json\/wp\/v2\/comments?post=11202"}],"version-history":[{"count":1,"href":"https:\/\/stbnoticias.com\/index.php\/wp-json\/wp\/v2\/posts\/11202\/revisions"}],"predecessor-version":[{"id":11204,"href":"https:\/\/stbnoticias.com\/index.php\/wp-json\/wp\/v2\/posts\/11202\/revisions\/11204"}],"wp:featuredmedia":[{"embeddable":true,"href":"https:\/\/stbnoticias.com\/index.php\/wp-json\/wp\/v2\/media\/11203"}],"wp:attachment":[{"href":"https:\/\/stbnoticias.com\/index.php\/wp-json\/wp\/v2\/media?parent=11202"}],"wp:term":[{"taxonomy":"category","embeddable":true,"href":"https:\/\/stbnoticias.com\/index.php\/wp-json\/wp\/v2\/categories?post=11202"},{"taxonomy":"post_tag","embeddable":true,"href":"https:\/\/stbnoticias.com\/index.php\/wp-json\/wp\/v2\/tags?post=11202"}],"curies":[{"name":"wp","href":"https:\/\/api.w.org\/{rel}","templated":true}]}}