{"id":11205,"date":"2025-11-07T10:51:03","date_gmt":"2025-11-07T14:51:03","guid":{"rendered":"https:\/\/stbnoticias.com\/?p=11205"},"modified":"2025-11-25T10:59:31","modified_gmt":"2025-11-25T14:59:31","slug":"termina-la-circulacion-del-periodico-estatal-ahora-el-pueblo-en-version-impresa","status":"publish","type":"post","link":"https:\/\/stbnoticias.com\/index.php\/2025\/11\/07\/termina-la-circulacion-del-periodico-estatal-ahora-el-pueblo-en-version-impresa\/","title":{"rendered":"TERMINA LA CIRCULACI\u00d3N DEL PERI\u00d3DICO ESTATAL \u201cAHORA EL PUEBLO\u201d EN VERSI\u00d3N IMPRESA"},"content":{"rendered":"\n<p>El ministro de la Presidencia, Jos\u00e9 Luis Lupo, confirm\u00f3 que el peri\u00f3dico <a><\/a>estatal \u201cAhora el Pueblo\u201d dejar\u00e1 de circular en su versi\u00f3n impresa, enfatizando que es parte de la reestructuraci\u00f3n de la comunicaci\u00f3n gubernamental.<\/p>\n\n\n\n<figure class=\"wp-block-image size-full is-resized\"><img loading=\"lazy\" decoding=\"async\" width=\"275\" height=\"183\" src=\"https:\/\/stbnoticias.com\/wp-content\/uploads\/2025\/11\/image-7.png\" alt=\"\" class=\"wp-image-11206\" style=\"width:840px;height:auto\"\/><\/figure>\n\n\n\n<p>\u201cDefinitivamente, ya se ha mandado la instrucci\u00f3n de que no se imprima m\u00e1s este peri\u00f3dico y obviamente no se aporte m\u00e1s en esa cuota\u201d, aclar\u00f3 Lupo en una entrevista con el programa Asuntos Centrales.<\/p>\n\n\n\n<p>As\u00ed tambi\u00e9n, dio a conocer que el fin de esta decisi\u00f3n es modernizar la difusi\u00f3n de informaciones. En lugar de edici\u00f3n empresa, el Gobierno se enfocar\u00e1 en el uso de plataformas digitales, mediante transmisi\u00f3n por streaming y una cobertura m\u00e1s directa de la gesti\u00f3n de las autoridades.<\/p>\n\n\n\n<p>Asimismo, mencion\u00f3 que ser\u00e1n las nuevas funciones que asumir\u00e1 la vocera presidencial, Carla Faval. Sus nuevas responsabilidades se centrar\u00e1n en dise\u00f1ar estrategias espec\u00edficas, como a la reforma judicial y otros temas fundamentales de inter\u00e9s ciudadano.<\/p>\n","protected":false},"excerpt":{"rendered":"<p>El ministro de la Presidencia, Jos\u00e9 Luis Lupo, confirm\u00f3 que el peri\u00f3dico estatal \u201cAhora el Pueblo\u201d dejar\u00e1 de circular en su versi\u00f3n impresa, enfatizando que es parte de la reestructuraci\u00f3n de la comunicaci\u00f3n gubernamental. \u201cDefinitivamente, ya se ha mandado la instrucci\u00f3n de que no se imprima m\u00e1s este peri\u00f3dico y obviamente no se aporte m\u00e1s [&hellip;]<\/p>\n","protected":false},"author":1,"featured_media":11206,"comment_status":"closed","ping_status":"closed","sticky":false,"template":"","format":"standard","meta":{"fifu_image_url":"","fifu_image_alt":"","footnotes":""},"categories":[22],"tags":[],"class_list":["post-11205","post","type-post","status-publish","format-standard","has-post-thumbnail","hentry","category-bolivia"],"_links":{"self":[{"href":"https:\/\/stbnoticias.com\/index.php\/wp-json\/wp\/v2\/posts\/11205","targetHints":{"allow":["GET"]}}],"collection":[{"href":"https:\/\/stbnoticias.com\/index.php\/wp-json\/wp\/v2\/posts"}],"about":[{"href":"https:\/\/stbnoticias.com\/index.php\/wp-json\/wp\/v2\/types\/post"}],"author":[{"embeddable":true,"href":"https:\/\/stbnoticias.com\/index.php\/wp-json\/wp\/v2\/users\/1"}],"replies":[{"embeddable":true,"href":"https:\/\/stbnoticias.com\/index.php\/wp-json\/wp\/v2\/comments?post=11205"}],"version-history":[{"count":1,"href":"https:\/\/stbnoticias.com\/index.php\/wp-json\/wp\/v2\/posts\/11205\/revisions"}],"predecessor-version":[{"id":11207,"href":"https:\/\/stbnoticias.com\/index.php\/wp-json\/wp\/v2\/posts\/11205\/revisions\/11207"}],"wp:featuredmedia":[{"embeddable":true,"href":"https:\/\/stbnoticias.com\/index.php\/wp-json\/wp\/v2\/media\/11206"}],"wp:attachment":[{"href":"https:\/\/stbnoticias.com\/index.php\/wp-json\/wp\/v2\/media?parent=11205"}],"wp:term":[{"taxonomy":"category","embeddable":true,"href":"https:\/\/stbnoticias.com\/index.php\/wp-json\/wp\/v2\/categories?post=11205"},{"taxonomy":"post_tag","embeddable":true,"href":"https:\/\/stbnoticias.com\/index.php\/wp-json\/wp\/v2\/tags?post=11205"}],"curies":[{"name":"wp","href":"https:\/\/api.w.org\/{rel}","templated":true}]}}