{"id":11208,"date":"2025-11-17T12:52:18","date_gmt":"2025-11-17T16:52:18","guid":{"rendered":"https:\/\/stbnoticias.com\/?p=11208"},"modified":"2025-11-25T10:52:32","modified_gmt":"2025-11-25T14:52:32","slug":"policia-que-atropello-a-esposos-recibe-detencion-domiciliaria-alcoholemia-negativa","status":"publish","type":"post","link":"https:\/\/stbnoticias.com\/index.php\/2025\/11\/17\/policia-que-atropello-a-esposos-recibe-detencion-domiciliaria-alcoholemia-negativa\/","title":{"rendered":"POLIC\u00cdA QUE ATROPELL\u00d3 A ESPOSOS RECIBE DETENCI\u00d3N DOMICILIARIA; ALCOHOLEMIA NEGATIVA"},"content":{"rendered":"\n<p>El polic\u00eda Josue Imer M.M., que atropell\u00f3 y caus\u00f3 la muerte de una <a><\/a>pareja la madrugada del domingo en Vinto, recibi\u00f3 ayer detenci\u00f3n domiciliaria con custodia y derecho al trabajo.<\/p>\n\n\n\n<figure class=\"wp-block-image size-full\"><img loading=\"lazy\" decoding=\"async\" width=\"960\" height=\"539\" src=\"https:\/\/stbnoticias.com\/wp-content\/uploads\/2025\/11\/image-8.png\" alt=\"\" class=\"wp-image-11209\" srcset=\"https:\/\/stbnoticias.com\/wp-content\/uploads\/2025\/11\/image-8.png 960w, https:\/\/stbnoticias.com\/wp-content\/uploads\/2025\/11\/image-8-300x168.png 300w, https:\/\/stbnoticias.com\/wp-content\/uploads\/2025\/11\/image-8-768x431.png 768w\" sizes=\"auto, (max-width: 960px) 100vw, 960px\" \/><\/figure>\n\n\n\n<p>El subdirector de Tr\u00e1nsito de Cochabamba, Fernando Arag\u00f3n, inform\u00f3 que el accidente ocurri\u00f3 el 16 de noviembre alrededor de las 05:30 en la avenida Albina Pati\u00f1o, kil\u00f3metro 15, en Vinto.<\/p>\n\n\n\n<p>El polic\u00eda conduc\u00eda un veh\u00edculo negro cuando atropell\u00f3 a una pareja que cruzaba la calle: Mario Condo, de 59 a\u00f1os, y Beatriz Herbas, de 54.<\/p>\n\n\n\n<p>Arag\u00f3n inform\u00f3 que las v\u00edctimas fueron trasladadas al hospital de Vinto, pero llegaron sin signos vitales. La prueba de alcoholemia al conductor, de 30 a\u00f1os, dio negativa. Se espera el informe del examen a las v\u00edctimas. Mientras tanto, los hijos y familiares lamentan la p\u00e9rdida y exigen una investigaci\u00f3n transparente.<\/p>\n","protected":false},"excerpt":{"rendered":"<p>El polic\u00eda Josue Imer M.M., que atropell\u00f3 y caus\u00f3 la muerte de una pareja la madrugada del domingo en Vinto, recibi\u00f3 ayer detenci\u00f3n domiciliaria con custodia y derecho al trabajo. El subdirector de Tr\u00e1nsito de Cochabamba, Fernando Arag\u00f3n, inform\u00f3 que el accidente ocurri\u00f3 el 16 de noviembre alrededor de las 05:30 en la avenida Albina [&hellip;]<\/p>\n","protected":false},"author":1,"featured_media":11209,"comment_status":"closed","ping_status":"closed","sticky":false,"template":"","format":"standard","meta":{"fifu_image_url":"","fifu_image_alt":"","footnotes":""},"categories":[22,45],"tags":[],"class_list":["post-11208","post","type-post","status-publish","format-standard","has-post-thumbnail","hentry","category-bolivia","category-sociedad"],"_links":{"self":[{"href":"https:\/\/stbnoticias.com\/index.php\/wp-json\/wp\/v2\/posts\/11208","targetHints":{"allow":["GET"]}}],"collection":[{"href":"https:\/\/stbnoticias.com\/index.php\/wp-json\/wp\/v2\/posts"}],"about":[{"href":"https:\/\/stbnoticias.com\/index.php\/wp-json\/wp\/v2\/types\/post"}],"author":[{"embeddable":true,"href":"https:\/\/stbnoticias.com\/index.php\/wp-json\/wp\/v2\/users\/1"}],"replies":[{"embeddable":true,"href":"https:\/\/stbnoticias.com\/index.php\/wp-json\/wp\/v2\/comments?post=11208"}],"version-history":[{"count":1,"href":"https:\/\/stbnoticias.com\/index.php\/wp-json\/wp\/v2\/posts\/11208\/revisions"}],"predecessor-version":[{"id":11210,"href":"https:\/\/stbnoticias.com\/index.php\/wp-json\/wp\/v2\/posts\/11208\/revisions\/11210"}],"wp:featuredmedia":[{"embeddable":true,"href":"https:\/\/stbnoticias.com\/index.php\/wp-json\/wp\/v2\/media\/11209"}],"wp:attachment":[{"href":"https:\/\/stbnoticias.com\/index.php\/wp-json\/wp\/v2\/media?parent=11208"}],"wp:term":[{"taxonomy":"category","embeddable":true,"href":"https:\/\/stbnoticias.com\/index.php\/wp-json\/wp\/v2\/categories?post=11208"},{"taxonomy":"post_tag","embeddable":true,"href":"https:\/\/stbnoticias.com\/index.php\/wp-json\/wp\/v2\/tags?post=11208"}],"curies":[{"name":"wp","href":"https:\/\/api.w.org\/{rel}","templated":true}]}}