{"id":11232,"date":"2025-11-26T10:07:16","date_gmt":"2025-11-26T14:07:16","guid":{"rendered":"https:\/\/stbnoticias.com\/?p=11232"},"modified":"2025-11-27T10:07:25","modified_gmt":"2025-11-27T14:07:25","slug":"macabro-hallazgo-cadaver-enterrado-cabeza-abajo-es-descubierto-tras-riada-en-yapacani","status":"publish","type":"post","link":"https:\/\/stbnoticias.com\/index.php\/2025\/11\/26\/macabro-hallazgo-cadaver-enterrado-cabeza-abajo-es-descubierto-tras-riada-en-yapacani\/","title":{"rendered":"MACABRO HALLAZGO: CAD\u00c1VER ENTERRADO CABEZA ABAJO ES DESCUBIERTO TRAS RIADA EN YAPACAN\u00cd"},"content":{"rendered":"\n<p>Vecinos de Puerto Greter, a orillas del r\u00edo Ichilo en Yapacan\u00ed, <a><\/a>realizaron un macabro hallazgo: el cuerpo sin vida de un hombre, enterrado cabeza abajo dentro de una bolsa de yute. La riada que afect\u00f3 la zona removi\u00f3 parcialmente la tierra, dejando al descubierto el cad\u00e1ver, que se encontraba en avanzado estado de descomposici\u00f3n.<\/p>\n\n\n\n<figure class=\"wp-block-image size-full\"><img loading=\"lazy\" decoding=\"async\" width=\"800\" height=\"450\" src=\"https:\/\/stbnoticias.com\/wp-content\/uploads\/2025\/11\/image-16.png\" alt=\"\" class=\"wp-image-11233\" srcset=\"https:\/\/stbnoticias.com\/wp-content\/uploads\/2025\/11\/image-16.png 800w, https:\/\/stbnoticias.com\/wp-content\/uploads\/2025\/11\/image-16-300x169.png 300w, https:\/\/stbnoticias.com\/wp-content\/uploads\/2025\/11\/image-16-768x432.png 768w\" sizes=\"auto, (max-width: 800px) 100vw, 800px\" \/><\/figure>\n\n\n\n<p>Personal de la Fuerza Especial de Lucha Contra el Crimen (Felcc), Divisi\u00f3n Homicidios, realiz\u00f3 el levantamiento legal del cuerpo y lo traslad\u00f3 al hospital municipal de segundo nivel para la autopsia correspondiente.<\/p>\n\n\n\n<p>\u201cSe trata de un cad\u00e1ver masculino, no identificado, que presentar\u00eda aproximadamente entre cinco y seis a\u00f1os de haber sido enterrado. Solo se encontraron restos \u00f3seos y la composici\u00f3n total del cuerpo sugiere un largo tiempo en el lugar\u201d, inform\u00f3 Efra\u00edn Guti\u00e9rrez, jefe del comando policial de Ichilo.<\/p>\n\n\n\n<p>El cuerpo estaba contenido en una bolsa de yute de color rosado, y la investigaci\u00f3n busca determinar tanto la identidad de la v\u00edctima como la causa exacta de su muerte.<\/p>\n\n\n\n<p>Las autoridades hicieron un llamado a la poblaci\u00f3n para colaborar en su identificaci\u00f3n y aportar cualquier informaci\u00f3n que pueda esclarecer el hecho.<\/p>\n","protected":false},"excerpt":{"rendered":"<p>Vecinos de Puerto Greter, a orillas del r\u00edo Ichilo en Yapacan\u00ed, realizaron un macabro hallazgo: el cuerpo sin vida de un hombre, enterrado cabeza abajo dentro de una bolsa de yute. La riada que afect\u00f3 la zona removi\u00f3 parcialmente la tierra, dejando al descubierto el cad\u00e1ver, que se encontraba en avanzado estado de descomposici\u00f3n. Personal [&hellip;]<\/p>\n","protected":false},"author":1,"featured_media":11233,"comment_status":"closed","ping_status":"closed","sticky":false,"template":"","format":"standard","meta":{"fifu_image_url":"","fifu_image_alt":"","footnotes":""},"categories":[22],"tags":[],"class_list":["post-11232","post","type-post","status-publish","format-standard","has-post-thumbnail","hentry","category-bolivia"],"_links":{"self":[{"href":"https:\/\/stbnoticias.com\/index.php\/wp-json\/wp\/v2\/posts\/11232","targetHints":{"allow":["GET"]}}],"collection":[{"href":"https:\/\/stbnoticias.com\/index.php\/wp-json\/wp\/v2\/posts"}],"about":[{"href":"https:\/\/stbnoticias.com\/index.php\/wp-json\/wp\/v2\/types\/post"}],"author":[{"embeddable":true,"href":"https:\/\/stbnoticias.com\/index.php\/wp-json\/wp\/v2\/users\/1"}],"replies":[{"embeddable":true,"href":"https:\/\/stbnoticias.com\/index.php\/wp-json\/wp\/v2\/comments?post=11232"}],"version-history":[{"count":1,"href":"https:\/\/stbnoticias.com\/index.php\/wp-json\/wp\/v2\/posts\/11232\/revisions"}],"predecessor-version":[{"id":11234,"href":"https:\/\/stbnoticias.com\/index.php\/wp-json\/wp\/v2\/posts\/11232\/revisions\/11234"}],"wp:featuredmedia":[{"embeddable":true,"href":"https:\/\/stbnoticias.com\/index.php\/wp-json\/wp\/v2\/media\/11233"}],"wp:attachment":[{"href":"https:\/\/stbnoticias.com\/index.php\/wp-json\/wp\/v2\/media?parent=11232"}],"wp:term":[{"taxonomy":"category","embeddable":true,"href":"https:\/\/stbnoticias.com\/index.php\/wp-json\/wp\/v2\/categories?post=11232"},{"taxonomy":"post_tag","embeddable":true,"href":"https:\/\/stbnoticias.com\/index.php\/wp-json\/wp\/v2\/tags?post=11232"}],"curies":[{"name":"wp","href":"https:\/\/api.w.org\/{rel}","templated":true}]}}