{"id":11238,"date":"2025-11-26T10:08:40","date_gmt":"2025-11-26T14:08:40","guid":{"rendered":"https:\/\/stbnoticias.com\/?p=11238"},"modified":"2025-11-27T10:08:46","modified_gmt":"2025-11-27T14:08:46","slug":"rodrigo-paz-tiene-el-517-de-aprobacion-en-encuesta-regional","status":"publish","type":"post","link":"https:\/\/stbnoticias.com\/index.php\/2025\/11\/26\/rodrigo-paz-tiene-el-517-de-aprobacion-en-encuesta-regional\/","title":{"rendered":"RODRIGO PAZ TIENE EL 51,7% DE APROBACI\u00d3N EN ENCUESTA REGIONAL"},"content":{"rendered":"\n<p>El presidente Rodrigo Paz es el primero en el r\u00e1nking de imagen positiva de presidentes en <a><\/a>Am\u00e9rica del Sur. La consulta fue realizada por CB Consultora Opini\u00f3n P\u00fablica para noviembre de 2025, cuyos datos fueron lanzados por el diario La Rep\u00fablica de Uruguay.<\/p>\n\n\n\n<figure class=\"wp-block-image size-full\"><img loading=\"lazy\" decoding=\"async\" width=\"850\" height=\"446\" src=\"https:\/\/stbnoticias.com\/wp-content\/uploads\/2025\/11\/image-18.png\" alt=\"\" class=\"wp-image-11239\" srcset=\"https:\/\/stbnoticias.com\/wp-content\/uploads\/2025\/11\/image-18.png 850w, https:\/\/stbnoticias.com\/wp-content\/uploads\/2025\/11\/image-18-300x157.png 300w, https:\/\/stbnoticias.com\/wp-content\/uploads\/2025\/11\/image-18-768x403.png 768w\" sizes=\"auto, (max-width: 850px) 100vw, 850px\" \/><\/figure>\n\n\n\n<p>En este ranking, el presidente Rodrigo Paz obtuvo el 51.7% de aprobaci\u00f3n; le sigue el presidente de Brasil, Lula da Silva, con el 48.5%; en tercer lugar, Javier Milei con el 47.2%. El cuarto lugar es para el presidente uruguayo Yamand\u00fa Orsi con el 46.1% y el quinto lugar lo ocupa Santiago Pe\u00f1a, presidente de Paraguay con el 41.3%.<\/p>\n\n\n\n<p>El mandatario uruguayo dej\u00f3 de ocupar el primer lugar de la lista y fue desplazado por Paz, quien gan\u00f3 en la segunda vuelta efectuada en octubre de este a\u00f1o.<\/p>\n","protected":false},"excerpt":{"rendered":"<p>El presidente Rodrigo Paz es el primero en el r\u00e1nking de imagen positiva de presidentes en Am\u00e9rica del Sur. La consulta fue realizada por CB Consultora Opini\u00f3n P\u00fablica para noviembre de 2025, cuyos datos fueron lanzados por el diario La Rep\u00fablica de Uruguay. En este ranking, el presidente Rodrigo Paz obtuvo el 51.7% de aprobaci\u00f3n; [&hellip;]<\/p>\n","protected":false},"author":1,"featured_media":11239,"comment_status":"closed","ping_status":"closed","sticky":false,"template":"","format":"standard","meta":{"fifu_image_url":"","fifu_image_alt":"","footnotes":""},"categories":[22,30],"tags":[],"class_list":["post-11238","post","type-post","status-publish","format-standard","has-post-thumbnail","hentry","category-bolivia","category-politica"],"_links":{"self":[{"href":"https:\/\/stbnoticias.com\/index.php\/wp-json\/wp\/v2\/posts\/11238","targetHints":{"allow":["GET"]}}],"collection":[{"href":"https:\/\/stbnoticias.com\/index.php\/wp-json\/wp\/v2\/posts"}],"about":[{"href":"https:\/\/stbnoticias.com\/index.php\/wp-json\/wp\/v2\/types\/post"}],"author":[{"embeddable":true,"href":"https:\/\/stbnoticias.com\/index.php\/wp-json\/wp\/v2\/users\/1"}],"replies":[{"embeddable":true,"href":"https:\/\/stbnoticias.com\/index.php\/wp-json\/wp\/v2\/comments?post=11238"}],"version-history":[{"count":1,"href":"https:\/\/stbnoticias.com\/index.php\/wp-json\/wp\/v2\/posts\/11238\/revisions"}],"predecessor-version":[{"id":11240,"href":"https:\/\/stbnoticias.com\/index.php\/wp-json\/wp\/v2\/posts\/11238\/revisions\/11240"}],"wp:featuredmedia":[{"embeddable":true,"href":"https:\/\/stbnoticias.com\/index.php\/wp-json\/wp\/v2\/media\/11239"}],"wp:attachment":[{"href":"https:\/\/stbnoticias.com\/index.php\/wp-json\/wp\/v2\/media?parent=11238"}],"wp:term":[{"taxonomy":"category","embeddable":true,"href":"https:\/\/stbnoticias.com\/index.php\/wp-json\/wp\/v2\/categories?post=11238"},{"taxonomy":"post_tag","embeddable":true,"href":"https:\/\/stbnoticias.com\/index.php\/wp-json\/wp\/v2\/tags?post=11238"}],"curies":[{"name":"wp","href":"https:\/\/api.w.org\/{rel}","templated":true}]}}