{"id":11241,"date":"2025-11-27T10:09:13","date_gmt":"2025-11-27T14:09:13","guid":{"rendered":"https:\/\/stbnoticias.com\/?p=11241"},"modified":"2025-11-27T10:09:14","modified_gmt":"2025-11-27T14:09:14","slug":"cob-al-gobierno-advierte-que-no-permitira-medidas-de-ajustes-neoliberales-exige-cambiar-el-rumbo","status":"publish","type":"post","link":"https:\/\/stbnoticias.com\/index.php\/2025\/11\/27\/cob-al-gobierno-advierte-que-no-permitira-medidas-de-ajustes-neoliberales-exige-cambiar-el-rumbo\/","title":{"rendered":"COB, AL GOBIERNO: ADVIERTE QUE NO PERMITIR\u00c1 MEDIDAS DE \u00abAJUSTES NEOLIBERALES\u00bb; EXIGE CAMBIAR EL RUMBO"},"content":{"rendered":"\n<p>La Central Obrera Boliviana (COB), tras un ampliado, <a><\/a>ha lanzado diferentes advertencias al Gobierno para que cambie su rumbo pol\u00edtico. Expres\u00f3 su rechazo a supuestos \u201cajustes neoliberales\u201d, como la eliminaci\u00f3n de la subvenci\u00f3n de carburantes, la flexibilizaci\u00f3n laboral, entre otros.<\/p>\n\n\n\n<figure class=\"wp-block-image size-full\"><img loading=\"lazy\" decoding=\"async\" width=\"960\" height=\"540\" src=\"https:\/\/stbnoticias.com\/wp-content\/uploads\/2025\/11\/image-19.png\" alt=\"\" class=\"wp-image-11242\" srcset=\"https:\/\/stbnoticias.com\/wp-content\/uploads\/2025\/11\/image-19.png 960w, https:\/\/stbnoticias.com\/wp-content\/uploads\/2025\/11\/image-19-300x169.png 300w, https:\/\/stbnoticias.com\/wp-content\/uploads\/2025\/11\/image-19-768x432.png 768w\" sizes=\"auto, (max-width: 960px) 100vw, 960px\" \/><\/figure>\n\n\n\n<p>\u201cExigimos la inmediata rectificaci\u00f3n del rumbo pol\u00edtico y econ\u00f3mico, recordando que el poder emana del pueblo y pertenece a los trabajadores, no a las \u00e9lites ni a los intereses ajenos a la patria\u201d, dice la resoluci\u00f3n, a tiempo de denunciar el incumplimiento de promesas electorales del Gobierno.<\/p>\n\n\n\n<p>Asimismo, la COB rechaz\u00f3 \u201ccualquier intento de eliminar o reducir la subvenci\u00f3n a los hidrocarburos\u201d, sin que haya an\u00e1lisis previo, porque esa medida castigar\u00eda a los trabajadores y a las familias vulnerables y a la econom\u00eda popular.<\/p>\n\n\n\n<p>Advirti\u00f3 que no permitir\u00e1 \u201cajustes neoliberales y encubiertos, ni receta improvisada que descargue una crisis sobre los hombros del pueblo\u201d.<\/p>\n\n\n\n<p>En otras decisiones, la COB rechaz\u00f3 el proyecto de ley de criminalizaci\u00f3n de la protesta social.<\/p>\n\n\n\n<p>Tambi\u00e9n manifest\u00f3 su rechazo al presunto proyecto de decreto que sacar\u00eda de la Ley General del Trabajo a los trabajadores de ENDE, YPFB y cajas de salud, para llevarlos a un r\u00e9gimen de funcionarios p\u00fablicos.<\/p>\n\n\n\n<p>En ese sentido, la COB conden\u00f3 las declaraciones del Ministro de Trabajo, respecto a que la Ley General del Trabajo estar\u00eda caduca.<\/p>\n","protected":false},"excerpt":{"rendered":"<p>La Central Obrera Boliviana (COB), tras un ampliado, ha lanzado diferentes advertencias al Gobierno para que cambie su rumbo pol\u00edtico. Expres\u00f3 su rechazo a supuestos \u201cajustes neoliberales\u201d, como la eliminaci\u00f3n de la subvenci\u00f3n de carburantes, la flexibilizaci\u00f3n laboral, entre otros. \u201cExigimos la inmediata rectificaci\u00f3n del rumbo pol\u00edtico y econ\u00f3mico, recordando que el poder emana del [&hellip;]<\/p>\n","protected":false},"author":1,"featured_media":11242,"comment_status":"closed","ping_status":"closed","sticky":false,"template":"","format":"standard","meta":{"fifu_image_url":"","fifu_image_alt":"","footnotes":""},"categories":[22],"tags":[],"class_list":["post-11241","post","type-post","status-publish","format-standard","has-post-thumbnail","hentry","category-bolivia"],"_links":{"self":[{"href":"https:\/\/stbnoticias.com\/index.php\/wp-json\/wp\/v2\/posts\/11241","targetHints":{"allow":["GET"]}}],"collection":[{"href":"https:\/\/stbnoticias.com\/index.php\/wp-json\/wp\/v2\/posts"}],"about":[{"href":"https:\/\/stbnoticias.com\/index.php\/wp-json\/wp\/v2\/types\/post"}],"author":[{"embeddable":true,"href":"https:\/\/stbnoticias.com\/index.php\/wp-json\/wp\/v2\/users\/1"}],"replies":[{"embeddable":true,"href":"https:\/\/stbnoticias.com\/index.php\/wp-json\/wp\/v2\/comments?post=11241"}],"version-history":[{"count":1,"href":"https:\/\/stbnoticias.com\/index.php\/wp-json\/wp\/v2\/posts\/11241\/revisions"}],"predecessor-version":[{"id":11243,"href":"https:\/\/stbnoticias.com\/index.php\/wp-json\/wp\/v2\/posts\/11241\/revisions\/11243"}],"wp:featuredmedia":[{"embeddable":true,"href":"https:\/\/stbnoticias.com\/index.php\/wp-json\/wp\/v2\/media\/11242"}],"wp:attachment":[{"href":"https:\/\/stbnoticias.com\/index.php\/wp-json\/wp\/v2\/media?parent=11241"}],"wp:term":[{"taxonomy":"category","embeddable":true,"href":"https:\/\/stbnoticias.com\/index.php\/wp-json\/wp\/v2\/categories?post=11241"},{"taxonomy":"post_tag","embeddable":true,"href":"https:\/\/stbnoticias.com\/index.php\/wp-json\/wp\/v2\/tags?post=11241"}],"curies":[{"name":"wp","href":"https:\/\/api.w.org\/{rel}","templated":true}]}}