{"id":11253,"date":"2025-12-02T13:14:10","date_gmt":"2025-12-02T17:14:10","guid":{"rendered":"https:\/\/stbnoticias.com\/?p=11253"},"modified":"2025-12-02T13:14:10","modified_gmt":"2025-12-02T17:14:10","slug":"aprehenden-a-dirigente-panificador-por-presuntos-hechos-de-corrupcion-de-emapa","status":"publish","type":"post","link":"https:\/\/stbnoticias.com\/index.php\/2025\/12\/02\/aprehenden-a-dirigente-panificador-por-presuntos-hechos-de-corrupcion-de-emapa\/","title":{"rendered":"APREHENDEN A DIRIGENTE PANIFICADOR POR PRESUNTOS HECHOS DE CORRUPCI\u00d3N DE EMAPA"},"content":{"rendered":"\n<p>La tarde de este lunes fue aprehendido Rub\u00e9n R\u00edos, principal dirigente de la Confederaci\u00f3n Nacional de Panificadores de Bolivia (Conapabol), presuntamente vinculado a hechos de corrupci\u00f3n en los procesos de subvenci\u00f3n de harina de la Empresa de Apoyo a la Producci\u00f3n de Alimentos (Emapa), report\u00f3 el portal <\/p>\n\n\n\n<figure class=\"wp-block-image size-full\"><img loading=\"lazy\" decoding=\"async\" width=\"960\" height=\"540\" src=\"https:\/\/stbnoticias.com\/wp-content\/uploads\/2025\/12\/image.png\" alt=\"\" class=\"wp-image-11254\" srcset=\"https:\/\/stbnoticias.com\/wp-content\/uploads\/2025\/12\/image.png 960w, https:\/\/stbnoticias.com\/wp-content\/uploads\/2025\/12\/image-300x169.png 300w, https:\/\/stbnoticias.com\/wp-content\/uploads\/2025\/12\/image-768x432.png 768w\" sizes=\"auto, (max-width: 960px) 100vw, 960px\" \/><\/figure>\n\n\n\n<p>R\u00edos es acusado por los delitos de contratos lesivos al Estado, tr\u00e1fico de influencias, enriquecimiento il\u00edcito de particulares con afectaci\u00f3n al Estado, asociaci\u00f3n delictuosa y uso indebido de bienes y servicios p\u00fablicos.<\/p>\n\n\n\n<p>Tras su aprehensi\u00f3n, R\u00edos habl\u00f3 brevemente con la prensa y asegur\u00f3 ser inocente en un proceso que calific\u00f3 de \u201cpol\u00edtico\u201d.<\/p>\n\n\n\n<p>La orden de aprehensi\u00f3n contra el dirigente panificador hab\u00eda sido emitida la pasada semana y oficializada este lunes por su presunta implicaci\u00f3n en las irregularidades detectadas en Emapa durante la gesti\u00f3n del exgerente Franklin Flores.<\/p>\n\n\n\n<p>Al respecto, el viceministro de Comercio y Log\u00edstica Interna, Gustavo Serrano, explic\u00f3 la ma\u00f1ana de este lunes que la subvenci\u00f3n fue mal utilizada por \u201cclanes mafiosos\u201d.<\/p>\n\n\n\n<p>La autoridad detall\u00f3, en distintas entrevistas televisivas, que el esquema de corrupci\u00f3n consist\u00eda en que personas allegadas a los subvencionados \u2013 entre ellos R\u00edos- importaban harina a un precio elevado y luego la vend\u00edan a Emapa, que luego la entregaba a los panificadores a un precio m\u00e1s bajo, y la diferencia era cubierta por el Estado.<\/p>\n\n\n\n<p>Tambi\u00e9n se\u00f1al\u00f3 que se detect\u00f3 casos de panificadores que \u201cno existen\u201d, pero que figuran en la lista de los beneficiarios de harina, que ahora son los se\u00f1alados de los supuestos \u201cnegociados\u201d.<\/p>\n","protected":false},"excerpt":{"rendered":"<p>La tarde de este lunes fue aprehendido Rub\u00e9n R\u00edos, principal dirigente de la Confederaci\u00f3n Nacional de Panificadores de Bolivia (Conapabol), presuntamente vinculado a hechos de corrupci\u00f3n en los procesos de subvenci\u00f3n de harina de la Empresa de Apoyo a la Producci\u00f3n de Alimentos (Emapa), report\u00f3 el portal R\u00edos es acusado por los delitos de contratos [&hellip;]<\/p>\n","protected":false},"author":1,"featured_media":11254,"comment_status":"closed","ping_status":"closed","sticky":false,"template":"","format":"standard","meta":{"fifu_image_url":"","fifu_image_alt":"","footnotes":""},"categories":[22],"tags":[],"class_list":["post-11253","post","type-post","status-publish","format-standard","has-post-thumbnail","hentry","category-bolivia"],"_links":{"self":[{"href":"https:\/\/stbnoticias.com\/index.php\/wp-json\/wp\/v2\/posts\/11253","targetHints":{"allow":["GET"]}}],"collection":[{"href":"https:\/\/stbnoticias.com\/index.php\/wp-json\/wp\/v2\/posts"}],"about":[{"href":"https:\/\/stbnoticias.com\/index.php\/wp-json\/wp\/v2\/types\/post"}],"author":[{"embeddable":true,"href":"https:\/\/stbnoticias.com\/index.php\/wp-json\/wp\/v2\/users\/1"}],"replies":[{"embeddable":true,"href":"https:\/\/stbnoticias.com\/index.php\/wp-json\/wp\/v2\/comments?post=11253"}],"version-history":[{"count":1,"href":"https:\/\/stbnoticias.com\/index.php\/wp-json\/wp\/v2\/posts\/11253\/revisions"}],"predecessor-version":[{"id":11255,"href":"https:\/\/stbnoticias.com\/index.php\/wp-json\/wp\/v2\/posts\/11253\/revisions\/11255"}],"wp:featuredmedia":[{"embeddable":true,"href":"https:\/\/stbnoticias.com\/index.php\/wp-json\/wp\/v2\/media\/11254"}],"wp:attachment":[{"href":"https:\/\/stbnoticias.com\/index.php\/wp-json\/wp\/v2\/media?parent=11253"}],"wp:term":[{"taxonomy":"category","embeddable":true,"href":"https:\/\/stbnoticias.com\/index.php\/wp-json\/wp\/v2\/categories?post=11253"},{"taxonomy":"post_tag","embeddable":true,"href":"https:\/\/stbnoticias.com\/index.php\/wp-json\/wp\/v2\/tags?post=11253"}],"curies":[{"name":"wp","href":"https:\/\/api.w.org\/{rel}","templated":true}]}}