{"id":11265,"date":"2025-12-01T13:21:27","date_gmt":"2025-12-01T17:21:27","guid":{"rendered":"https:\/\/stbnoticias.com\/?p=11265"},"modified":"2025-12-02T13:21:33","modified_gmt":"2025-12-02T17:21:33","slug":"lo-dejaron-dentro-de-una-caja-hallan-a-un-bebe-sin-vida-en-el-cementerio-de-cochabamba","status":"publish","type":"post","link":"https:\/\/stbnoticias.com\/index.php\/2025\/12\/01\/lo-dejaron-dentro-de-una-caja-hallan-a-un-bebe-sin-vida-en-el-cementerio-de-cochabamba\/","title":{"rendered":"LO DEJARON DENTRO DE UNA CAJA: HALLAN A UN BEB\u00c9 SIN VIDA EN EL CEMENTERIO DE COCHABAMBA"},"content":{"rendered":"\n<p>Un beb\u00e9 fue hallado sin vida la tarde del domingo 30 de noviembre <a><\/a>en el Cementerio General de Cochabamba. El cuerpo del menor estaba dentro de una caja, en el sector angelorios, ubicado al oeste del camposanto.<\/p>\n\n\n\n<figure class=\"wp-block-image size-full\"><img loading=\"lazy\" decoding=\"async\" width=\"960\" height=\"539\" src=\"https:\/\/stbnoticias.com\/wp-content\/uploads\/2025\/12\/image-4.png\" alt=\"\" class=\"wp-image-11266\" srcset=\"https:\/\/stbnoticias.com\/wp-content\/uploads\/2025\/12\/image-4.png 960w, https:\/\/stbnoticias.com\/wp-content\/uploads\/2025\/12\/image-4-300x168.png 300w, https:\/\/stbnoticias.com\/wp-content\/uploads\/2025\/12\/image-4-768x431.png 768w\" sizes=\"auto, (max-width: 960px) 100vw, 960px\" \/><\/figure>\n\n\n\n<p>Seg\u00fan inform\u00f3 Miguel \u00c1ngel Pantoja, administrador del cementerio, fue un guardia quien encontr\u00f3 la caja durante una segunda ronda de inspecci\u00f3n. El paquete estaba envuelto en una bolsa negra y ten\u00eda el tama\u00f1o de una caja de calzados. Dentro, se hall\u00f3 al beb\u00e9, de aproximadamente siete meses y medio.<\/p>\n\n\n\n<p>Tras el hallazgo, se activaron los protocolos de emergencia. Personal de la Defensor\u00eda de la Ni\u00f1ez y Adolescencia, la Polic\u00eda Boliviana y la l\u00ednea 110 acudieron al lugar. La unidad de Homicidios traslad\u00f3 al menor para realizar la autopsia de ley, que permitir\u00e1 determinar las causas del fallecimiento.<\/p>\n\n\n\n<p>Pantoja indic\u00f3 que el beb\u00e9 era de sexo masculino y confirm\u00f3 que ya se revisan las c\u00e1maras internas y externas del cementerio para obtener indicios que ayuden a identificar a los responsables del hecho.<\/p>\n\n\n\n<p>El administrador tambi\u00e9n hizo un llamado p\u00fablico: \u201cEstos actos rayan en lo contrario del amor y la formaci\u00f3n de una familia. Apelamos a la conciencia y respeto por estos espacios\u201d, se\u00f1al\u00f3.<\/p>\n","protected":false},"excerpt":{"rendered":"<p>Un beb\u00e9 fue hallado sin vida la tarde del domingo 30 de noviembre en el Cementerio General de Cochabamba. El cuerpo del menor estaba dentro de una caja, en el sector angelorios, ubicado al oeste del camposanto. Seg\u00fan inform\u00f3 Miguel \u00c1ngel Pantoja, administrador del cementerio, fue un guardia quien encontr\u00f3 la caja durante una segunda [&hellip;]<\/p>\n","protected":false},"author":1,"featured_media":11266,"comment_status":"closed","ping_status":"closed","sticky":false,"template":"","format":"standard","meta":{"fifu_image_url":"","fifu_image_alt":"","footnotes":""},"categories":[1],"tags":[],"class_list":["post-11265","post","type-post","status-publish","format-standard","has-post-thumbnail","hentry","category-sin-categoria"],"_links":{"self":[{"href":"https:\/\/stbnoticias.com\/index.php\/wp-json\/wp\/v2\/posts\/11265","targetHints":{"allow":["GET"]}}],"collection":[{"href":"https:\/\/stbnoticias.com\/index.php\/wp-json\/wp\/v2\/posts"}],"about":[{"href":"https:\/\/stbnoticias.com\/index.php\/wp-json\/wp\/v2\/types\/post"}],"author":[{"embeddable":true,"href":"https:\/\/stbnoticias.com\/index.php\/wp-json\/wp\/v2\/users\/1"}],"replies":[{"embeddable":true,"href":"https:\/\/stbnoticias.com\/index.php\/wp-json\/wp\/v2\/comments?post=11265"}],"version-history":[{"count":1,"href":"https:\/\/stbnoticias.com\/index.php\/wp-json\/wp\/v2\/posts\/11265\/revisions"}],"predecessor-version":[{"id":11267,"href":"https:\/\/stbnoticias.com\/index.php\/wp-json\/wp\/v2\/posts\/11265\/revisions\/11267"}],"wp:featuredmedia":[{"embeddable":true,"href":"https:\/\/stbnoticias.com\/index.php\/wp-json\/wp\/v2\/media\/11266"}],"wp:attachment":[{"href":"https:\/\/stbnoticias.com\/index.php\/wp-json\/wp\/v2\/media?parent=11265"}],"wp:term":[{"taxonomy":"category","embeddable":true,"href":"https:\/\/stbnoticias.com\/index.php\/wp-json\/wp\/v2\/categories?post=11265"},{"taxonomy":"post_tag","embeddable":true,"href":"https:\/\/stbnoticias.com\/index.php\/wp-json\/wp\/v2\/tags?post=11265"}],"curies":[{"name":"wp","href":"https:\/\/api.w.org\/{rel}","templated":true}]}}