{"id":11269,"date":"2025-12-03T10:00:27","date_gmt":"2025-12-03T14:00:27","guid":{"rendered":"https:\/\/stbnoticias.com\/?p=11269"},"modified":"2025-12-05T10:02:48","modified_gmt":"2025-12-05T14:02:48","slug":"paz-anuncia-cero-arancel-para-equipos-tecnologicos-a-fin-de-frenar-el-contrabando","status":"publish","type":"post","link":"https:\/\/stbnoticias.com\/index.php\/2025\/12\/03\/paz-anuncia-cero-arancel-para-equipos-tecnologicos-a-fin-de-frenar-el-contrabando\/","title":{"rendered":"PAZ ANUNCIA CERO ARANCEL PARA EQUIPOS TECNOL\u00d3GICOS A FIN DE FRENAR EL CONTRABANDO"},"content":{"rendered":"\n<p>El presidente Rodrigo Paz anunci\u00f3 de manera oficial este mi\u00e9rcoles la <a><\/a>anulaci\u00f3n de aranceles (cero arancel) para el ingreso de productos de tecnolog\u00eda que no se produce en Bolivia. Paz afirm\u00f3 que esta norma ser\u00e1 enviada a la Asamblea Legislativa Plurinacional (ALP) para su tratamiento y as\u00ed evitar el contrabando de equipos como celulares o computadoras.<\/p>\n\n\n\n<figure class=\"wp-block-image size-full\"><img loading=\"lazy\" decoding=\"async\" width=\"843\" height=\"524\" src=\"https:\/\/stbnoticias.com\/wp-content\/uploads\/2025\/12\/image-5.png\" alt=\"\" class=\"wp-image-11270\" srcset=\"https:\/\/stbnoticias.com\/wp-content\/uploads\/2025\/12\/image-5.png 843w, https:\/\/stbnoticias.com\/wp-content\/uploads\/2025\/12\/image-5-300x186.png 300w, https:\/\/stbnoticias.com\/wp-content\/uploads\/2025\/12\/image-5-768x477.png 768w\" sizes=\"auto, (max-width: 843px) 100vw, 843px\" \/><\/figure>\n\n\n\n<p>\u201cQuiero anunciar que todo lo que no se produce en Bolivia en tecnolog\u00eda, como nos comprometimos, tendr\u00e1 cero arancel. Cero arancel anunciado oficialmente en Oruro para todo el pa\u00eds\u201d, dijo Paz tras una reuni\u00f3n que tuvo con el Comit\u00e9 Multisectorial de suelo orure\u00f1o.<\/p>\n\n\n\n<p>El primer mandatario destac\u00f3 que esta medida permitir\u00e1 que los tel\u00e9fonos celulares o computadoras que ingresan al pa\u00eds ya no ingresen por v\u00eda del contrabando. \u201cNo vas a tener que meter tel\u00e9fonos o computadoras por contrabando (\u2026) haremos una lista clara (para lo que se podr\u00e1 ingresar). Tendr\u00e1s derecho a introducirlos legalmente; solo habr\u00e1 que registrarlos para saber cu\u00e1nto (cantidad) entra y sale, pero sin cobrarte\u201d.<\/p>\n\n\n\n<p>Paz mencion\u00f3 que esta normativa ser\u00e1 enviada a la ALP para su tratamiento y que este cero arancel se aplicar\u00e1 tambi\u00e9n a otros productos. \u201cEs una norma que estamos enviando al Parlamento y adelanto que habr\u00e1 cero arancel tambi\u00e9n para varios productos\u201d, puntualiz\u00f3.<\/p>\n\n\n\n<p>Esta medida era una de las que propuso Paz en su campa\u00f1a electoral. En el pa\u00eds s\u00ed se pagan aranceles para el ingreso de equipo tecnol\u00f3gico a Bolivia; la tasa var\u00eda seg\u00fan el tipo de equipo.<\/p>\n","protected":false},"excerpt":{"rendered":"<p>El presidente Rodrigo Paz anunci\u00f3 de manera oficial este mi\u00e9rcoles la anulaci\u00f3n de aranceles (cero arancel) para el ingreso de productos de tecnolog\u00eda que no se produce en Bolivia. Paz afirm\u00f3 que esta norma ser\u00e1 enviada a la Asamblea Legislativa Plurinacional (ALP) para su tratamiento y as\u00ed evitar el contrabando de equipos como celulares o [&hellip;]<\/p>\n","protected":false},"author":1,"featured_media":11270,"comment_status":"closed","ping_status":"closed","sticky":false,"template":"","format":"standard","meta":{"fifu_image_url":"","fifu_image_alt":"","footnotes":""},"categories":[22,45],"tags":[],"class_list":["post-11269","post","type-post","status-publish","format-standard","has-post-thumbnail","hentry","category-bolivia","category-sociedad"],"_links":{"self":[{"href":"https:\/\/stbnoticias.com\/index.php\/wp-json\/wp\/v2\/posts\/11269","targetHints":{"allow":["GET"]}}],"collection":[{"href":"https:\/\/stbnoticias.com\/index.php\/wp-json\/wp\/v2\/posts"}],"about":[{"href":"https:\/\/stbnoticias.com\/index.php\/wp-json\/wp\/v2\/types\/post"}],"author":[{"embeddable":true,"href":"https:\/\/stbnoticias.com\/index.php\/wp-json\/wp\/v2\/users\/1"}],"replies":[{"embeddable":true,"href":"https:\/\/stbnoticias.com\/index.php\/wp-json\/wp\/v2\/comments?post=11269"}],"version-history":[{"count":1,"href":"https:\/\/stbnoticias.com\/index.php\/wp-json\/wp\/v2\/posts\/11269\/revisions"}],"predecessor-version":[{"id":11271,"href":"https:\/\/stbnoticias.com\/index.php\/wp-json\/wp\/v2\/posts\/11269\/revisions\/11271"}],"wp:featuredmedia":[{"embeddable":true,"href":"https:\/\/stbnoticias.com\/index.php\/wp-json\/wp\/v2\/media\/11270"}],"wp:attachment":[{"href":"https:\/\/stbnoticias.com\/index.php\/wp-json\/wp\/v2\/media?parent=11269"}],"wp:term":[{"taxonomy":"category","embeddable":true,"href":"https:\/\/stbnoticias.com\/index.php\/wp-json\/wp\/v2\/categories?post=11269"},{"taxonomy":"post_tag","embeddable":true,"href":"https:\/\/stbnoticias.com\/index.php\/wp-json\/wp\/v2\/tags?post=11269"}],"curies":[{"name":"wp","href":"https:\/\/api.w.org\/{rel}","templated":true}]}}