{"id":11272,"date":"2025-12-03T12:01:37","date_gmt":"2025-12-03T16:01:37","guid":{"rendered":"https:\/\/stbnoticias.com\/?p=11272"},"modified":"2025-12-05T10:02:57","modified_gmt":"2025-12-05T14:02:57","slug":"cinco-hombres-armados-secuestran-a-ciudadano-en-santa-cruz-y-exigen-bs-200-mil-por-su-liberacion","status":"publish","type":"post","link":"https:\/\/stbnoticias.com\/index.php\/2025\/12\/03\/cinco-hombres-armados-secuestran-a-ciudadano-en-santa-cruz-y-exigen-bs-200-mil-por-su-liberacion\/","title":{"rendered":"CINCO HOMBRES ARMADOS SECUESTRAN A CIUDADANO EN SANTA CRUZ Y EXIGEN BS 200 MIL POR SU LIBERACI\u00d3N"},"content":{"rendered":"\n<p>En la provincia Ichilo, un violento secuestro fue <a><\/a>registrado el pasado 11 de noviembre en la comunidad Enconada, municipio de San Juan. Las im\u00e1genes de las c\u00e1maras de seguridad muestran al menos cinco individuos armados irrumpiendo en un domicilio, llevando al interior a un hombre, identificado como Alexander C.J., para luego subirlo a un veh\u00edculo de color blanco y huir con rumbo desconocido.<\/p>\n\n\n\n<figure class=\"wp-block-image size-full\"><img loading=\"lazy\" decoding=\"async\" width=\"800\" height=\"450\" src=\"https:\/\/stbnoticias.com\/wp-content\/uploads\/2025\/12\/image-7.png\" alt=\"\" class=\"wp-image-11274\" srcset=\"https:\/\/stbnoticias.com\/wp-content\/uploads\/2025\/12\/image-7.png 800w, https:\/\/stbnoticias.com\/wp-content\/uploads\/2025\/12\/image-7-300x169.png 300w, https:\/\/stbnoticias.com\/wp-content\/uploads\/2025\/12\/image-7-768x432.png 768w\" sizes=\"auto, (max-width: 800px) 100vw, 800px\" \/><\/figure>\n\n\n\n<p>Seg\u00fan el comandante de la Polic\u00eda de Ichilo, Efra\u00edn Guti\u00e9rrez, los sospechosos vest\u00edan chalecos antibalas y gorras que simulaban pertenecer a la Fuerza Especial de Lucha Contra el Narcotr\u00e1fico (Felcn), mientras cubr\u00edan sus rostros. Durante el hecho realizaron disparos para amedrentar a los familiares presentes.<\/p>\n\n\n\n<p>Horas despu\u00e9s, la esposa de la v\u00edctima recibi\u00f3 una llamada exigiendo un rescate de 200.000 bolivianos. La Polic\u00eda, a trav\u00e9s de la Fuerza Especial de Lucha Contra el Crimen (Felcc) y el Departamento de An\u00e1lisis Criminal e Inteligencia de Montero, se constituy\u00f3 en el lugar para recabar informaci\u00f3n y analiza actualmente las im\u00e1genes de seguridad.<\/p>\n\n\n\n<p>\u201cSe presume que el hecho podr\u00eda estar relacionado con problemas vinculados a la Ley 1008, ajustes de cuentas o actividades delictivas relacionadas con el tr\u00e1fico de sustancias controladas\u201d, indic\u00f3 Guti\u00e9rrez.<\/p>\n\n\n\n<p>Hasta el momento, la ubicaci\u00f3n de la v\u00edctima sigue siendo desconocida, y las investigaciones contin\u00faan de manera intensa para dar con los responsables.<\/p>\n","protected":false},"excerpt":{"rendered":"<p>En la provincia Ichilo, un violento secuestro fue registrado el pasado 11 de noviembre en la comunidad Enconada, municipio de San Juan. Las im\u00e1genes de las c\u00e1maras de seguridad muestran al menos cinco individuos armados irrumpiendo en un domicilio, llevando al interior a un hombre, identificado como Alexander C.J., para luego subirlo a un veh\u00edculo [&hellip;]<\/p>\n","protected":false},"author":1,"featured_media":11274,"comment_status":"closed","ping_status":"closed","sticky":false,"template":"","format":"standard","meta":{"fifu_image_url":"","fifu_image_alt":"","footnotes":""},"categories":[22,56],"tags":[],"class_list":["post-11272","post","type-post","status-publish","format-standard","has-post-thumbnail","hentry","category-bolivia","category-seguridad"],"_links":{"self":[{"href":"https:\/\/stbnoticias.com\/index.php\/wp-json\/wp\/v2\/posts\/11272","targetHints":{"allow":["GET"]}}],"collection":[{"href":"https:\/\/stbnoticias.com\/index.php\/wp-json\/wp\/v2\/posts"}],"about":[{"href":"https:\/\/stbnoticias.com\/index.php\/wp-json\/wp\/v2\/types\/post"}],"author":[{"embeddable":true,"href":"https:\/\/stbnoticias.com\/index.php\/wp-json\/wp\/v2\/users\/1"}],"replies":[{"embeddable":true,"href":"https:\/\/stbnoticias.com\/index.php\/wp-json\/wp\/v2\/comments?post=11272"}],"version-history":[{"count":1,"href":"https:\/\/stbnoticias.com\/index.php\/wp-json\/wp\/v2\/posts\/11272\/revisions"}],"predecessor-version":[{"id":11275,"href":"https:\/\/stbnoticias.com\/index.php\/wp-json\/wp\/v2\/posts\/11272\/revisions\/11275"}],"wp:featuredmedia":[{"embeddable":true,"href":"https:\/\/stbnoticias.com\/index.php\/wp-json\/wp\/v2\/media\/11274"}],"wp:attachment":[{"href":"https:\/\/stbnoticias.com\/index.php\/wp-json\/wp\/v2\/media?parent=11272"}],"wp:term":[{"taxonomy":"category","embeddable":true,"href":"https:\/\/stbnoticias.com\/index.php\/wp-json\/wp\/v2\/categories?post=11272"},{"taxonomy":"post_tag","embeddable":true,"href":"https:\/\/stbnoticias.com\/index.php\/wp-json\/wp\/v2\/tags?post=11272"}],"curies":[{"name":"wp","href":"https:\/\/api.w.org\/{rel}","templated":true}]}}