{"id":11276,"date":"2025-12-03T15:02:41","date_gmt":"2025-12-03T19:02:41","guid":{"rendered":"https:\/\/stbnoticias.com\/?p=11276"},"modified":"2025-12-05T10:03:08","modified_gmt":"2025-12-05T14:03:08","slug":"brutal-castigo-menor-de-10-anos-es-flagelada-por-su-madre-tras-llegar-tarde-de-vender-en-plan-tres-mil","status":"publish","type":"post","link":"https:\/\/stbnoticias.com\/index.php\/2025\/12\/03\/brutal-castigo-menor-de-10-anos-es-flagelada-por-su-madre-tras-llegar-tarde-de-vender-en-plan-tres-mil\/","title":{"rendered":"\u00a1BRUTAL CASTIGO! MENOR DE 10 A\u00d1OS ES FLAGELADA POR SU MADRE TRAS LLEGAR TARDE DE VENDER EN PLAN TRES MIL"},"content":{"rendered":"\n<p>Una ni\u00f1a de 10 a\u00f1os fue v\u00edctima de violencia f\u00edsica <a><\/a>por parte de su madre en el barrio La Bendici\u00f3n, zona del Plan Tres Mil, seg\u00fan denunciaron familiares.<\/p>\n\n\n\n<figure class=\"wp-block-image size-full\"><img loading=\"lazy\" decoding=\"async\" width=\"800\" height=\"450\" src=\"https:\/\/stbnoticias.com\/wp-content\/uploads\/2025\/12\/image-8.png\" alt=\"\" class=\"wp-image-11277\" srcset=\"https:\/\/stbnoticias.com\/wp-content\/uploads\/2025\/12\/image-8.png 800w, https:\/\/stbnoticias.com\/wp-content\/uploads\/2025\/12\/image-8-300x169.png 300w, https:\/\/stbnoticias.com\/wp-content\/uploads\/2025\/12\/image-8-768x432.png 768w\" sizes=\"auto, (max-width: 800px) 100vw, 800px\" \/><\/figure>\n\n\n\n<p>De acuerdo con los testimonios, la menor habr\u00eda sido golpeada con un objeto contundente, posiblemente un palo de escoba, despu\u00e9s de regresar tarde de vender productos en su barrio. Las agresiones dejaron marcas visibles en su humanidad y pusieron en evidencia un patr\u00f3n de maltrato que, seg\u00fan allegados, se repite con frecuencia.<\/p>\n\n\n\n<p>\u201cLa agresora es la mujer de mi hermano. Escuch\u00e9 gritos primero, y era nuevamente la chica tirada en el suelo\u201d, relat\u00f3 un familiar de la v\u00edctima. Adem\u00e1s, agreg\u00f3: \u201cPareciera que le haya dado con un palo de escoba porque se nota la marca. No es la primera vez que ocurre esto, son varias ocasiones que le ha hecho lo mismo\u201d.<\/p>\n\n\n\n<p>El maltrato tambi\u00e9n afect\u00f3 al hermano de la menor, quien, seg\u00fan los reportes preliminares, huy\u00f3 del hogar para evitar ser golpeado.<\/p>\n","protected":false},"excerpt":{"rendered":"<p>Una ni\u00f1a de 10 a\u00f1os fue v\u00edctima de violencia f\u00edsica por parte de su madre en el barrio La Bendici\u00f3n, zona del Plan Tres Mil, seg\u00fan denunciaron familiares. De acuerdo con los testimonios, la menor habr\u00eda sido golpeada con un objeto contundente, posiblemente un palo de escoba, despu\u00e9s de regresar tarde de vender productos en [&hellip;]<\/p>\n","protected":false},"author":1,"featured_media":11277,"comment_status":"closed","ping_status":"closed","sticky":false,"template":"","format":"standard","meta":{"fifu_image_url":"","fifu_image_alt":"","footnotes":""},"categories":[45],"tags":[],"class_list":["post-11276","post","type-post","status-publish","format-standard","has-post-thumbnail","hentry","category-sociedad"],"_links":{"self":[{"href":"https:\/\/stbnoticias.com\/index.php\/wp-json\/wp\/v2\/posts\/11276","targetHints":{"allow":["GET"]}}],"collection":[{"href":"https:\/\/stbnoticias.com\/index.php\/wp-json\/wp\/v2\/posts"}],"about":[{"href":"https:\/\/stbnoticias.com\/index.php\/wp-json\/wp\/v2\/types\/post"}],"author":[{"embeddable":true,"href":"https:\/\/stbnoticias.com\/index.php\/wp-json\/wp\/v2\/users\/1"}],"replies":[{"embeddable":true,"href":"https:\/\/stbnoticias.com\/index.php\/wp-json\/wp\/v2\/comments?post=11276"}],"version-history":[{"count":1,"href":"https:\/\/stbnoticias.com\/index.php\/wp-json\/wp\/v2\/posts\/11276\/revisions"}],"predecessor-version":[{"id":11278,"href":"https:\/\/stbnoticias.com\/index.php\/wp-json\/wp\/v2\/posts\/11276\/revisions\/11278"}],"wp:featuredmedia":[{"embeddable":true,"href":"https:\/\/stbnoticias.com\/index.php\/wp-json\/wp\/v2\/media\/11277"}],"wp:attachment":[{"href":"https:\/\/stbnoticias.com\/index.php\/wp-json\/wp\/v2\/media?parent=11276"}],"wp:term":[{"taxonomy":"category","embeddable":true,"href":"https:\/\/stbnoticias.com\/index.php\/wp-json\/wp\/v2\/categories?post=11276"},{"taxonomy":"post_tag","embeddable":true,"href":"https:\/\/stbnoticias.com\/index.php\/wp-json\/wp\/v2\/tags?post=11276"}],"curies":[{"name":"wp","href":"https:\/\/api.w.org\/{rel}","templated":true}]}}