{"id":11282,"date":"2025-12-04T18:35:45","date_gmt":"2025-12-04T22:35:45","guid":{"rendered":"https:\/\/stbnoticias.com\/?p=11282"},"modified":"2025-12-05T10:05:11","modified_gmt":"2025-12-05T14:05:11","slug":"despues-de-dias-de-busqueda-encuentran-el-cadaver-de-una-nina-que-cayo-al-rio-coroico","status":"publish","type":"post","link":"https:\/\/stbnoticias.com\/index.php\/2025\/12\/04\/despues-de-dias-de-busqueda-encuentran-el-cadaver-de-una-nina-que-cayo-al-rio-coroico\/","title":{"rendered":"DESPU\u00c9S DE D\u00cdAS DE B\u00daSQUEDA, ENCUENTRAN EL CAD\u00c1VER DE UNA NI\u00d1A QUE CAY\u00d3 AL R\u00cdO COROICO"},"content":{"rendered":"\n<p>Una ni\u00f1a de 11 a\u00f1os, que estaba reportada como desaparecida desde el 1 de <a><\/a>diciembre, fue hallada sin vida tras ser arrastrada por el r\u00edo en Caranavi.<\/p>\n\n\n\n<figure class=\"wp-block-image size-full\"><img loading=\"lazy\" decoding=\"async\" width=\"720\" height=\"455\" src=\"https:\/\/stbnoticias.com\/wp-content\/uploads\/2025\/12\/image-10.png\" alt=\"\" class=\"wp-image-11283\" srcset=\"https:\/\/stbnoticias.com\/wp-content\/uploads\/2025\/12\/image-10.png 720w, https:\/\/stbnoticias.com\/wp-content\/uploads\/2025\/12\/image-10-300x190.png 300w\" sizes=\"auto, (max-width: 720px) 100vw, 720px\" \/><\/figure>\n\n\n\n<p>De acuerdo Willy Paz, subcomandante de la Polic\u00eda, la ni\u00f1a cay\u00f3 al r\u00edo Coroico mientras se ba\u00f1aba. \u201cHa desaparecido del lugar y de acuerdo a la informaci\u00f3n de los familiares habr\u00eda sido arrastrada por el r\u00edo\u201d.<\/p>\n\n\n\n<p>El personal de la Polic\u00eda de Caranavi, en conjunto con el personal del grupo SAR efectuaron la b\u00fasqueda de la menor hasta las 20.00 del 1 de diciembre sin resultados.<\/p>\n\n\n\n<p>El cuerpo de la menor fue hallado este pasado mi\u00e9rcoles a las 15.00 tras la b\u00fasqueda de los familiares. Paz dijo que la familia se opuso al levantamiento legal del cad\u00e1ver por las circunstancias del hecho, pero se abri\u00f3 una investigaci\u00f3n.<\/p>\n","protected":false},"excerpt":{"rendered":"<p>Una ni\u00f1a de 11 a\u00f1os, que estaba reportada como desaparecida desde el 1 de diciembre, fue hallada sin vida tras ser arrastrada por el r\u00edo en Caranavi. De acuerdo Willy Paz, subcomandante de la Polic\u00eda, la ni\u00f1a cay\u00f3 al r\u00edo Coroico mientras se ba\u00f1aba. \u201cHa desaparecido del lugar y de acuerdo a la informaci\u00f3n de [&hellip;]<\/p>\n","protected":false},"author":1,"featured_media":11283,"comment_status":"closed","ping_status":"closed","sticky":false,"template":"","format":"standard","meta":{"fifu_image_url":"","fifu_image_alt":"","footnotes":""},"categories":[1],"tags":[],"class_list":["post-11282","post","type-post","status-publish","format-standard","has-post-thumbnail","hentry","category-sin-categoria"],"_links":{"self":[{"href":"https:\/\/stbnoticias.com\/index.php\/wp-json\/wp\/v2\/posts\/11282","targetHints":{"allow":["GET"]}}],"collection":[{"href":"https:\/\/stbnoticias.com\/index.php\/wp-json\/wp\/v2\/posts"}],"about":[{"href":"https:\/\/stbnoticias.com\/index.php\/wp-json\/wp\/v2\/types\/post"}],"author":[{"embeddable":true,"href":"https:\/\/stbnoticias.com\/index.php\/wp-json\/wp\/v2\/users\/1"}],"replies":[{"embeddable":true,"href":"https:\/\/stbnoticias.com\/index.php\/wp-json\/wp\/v2\/comments?post=11282"}],"version-history":[{"count":1,"href":"https:\/\/stbnoticias.com\/index.php\/wp-json\/wp\/v2\/posts\/11282\/revisions"}],"predecessor-version":[{"id":11284,"href":"https:\/\/stbnoticias.com\/index.php\/wp-json\/wp\/v2\/posts\/11282\/revisions\/11284"}],"wp:featuredmedia":[{"embeddable":true,"href":"https:\/\/stbnoticias.com\/index.php\/wp-json\/wp\/v2\/media\/11283"}],"wp:attachment":[{"href":"https:\/\/stbnoticias.com\/index.php\/wp-json\/wp\/v2\/media?parent=11282"}],"wp:term":[{"taxonomy":"category","embeddable":true,"href":"https:\/\/stbnoticias.com\/index.php\/wp-json\/wp\/v2\/categories?post=11282"},{"taxonomy":"post_tag","embeddable":true,"href":"https:\/\/stbnoticias.com\/index.php\/wp-json\/wp\/v2\/tags?post=11282"}],"curies":[{"name":"wp","href":"https:\/\/api.w.org\/{rel}","templated":true}]}}