{"id":11328,"date":"2025-12-19T18:34:03","date_gmt":"2025-12-19T22:34:03","guid":{"rendered":"https:\/\/stbnoticias.com\/?p=11328"},"modified":"2025-12-19T18:34:03","modified_gmt":"2025-12-19T22:34:03","slug":"once-frentes-competiran-en-las-elecciones-subnacionales","status":"publish","type":"post","link":"https:\/\/stbnoticias.com\/index.php\/2025\/12\/19\/once-frentes-competiran-en-las-elecciones-subnacionales\/","title":{"rendered":"ONCE FRENTES COMPETIR\u00c1N EN LAS ELECCIONES SUBNACIONALES"},"content":{"rendered":"\n<p>Tras cumplirse el plazo clave del calendario electoral el 15 de diciembre, se confirm\u00f3 que 11 frentes <a><\/a>pol\u00edticos competir\u00e1n en las elecciones subnacionales del departamento de Tarija por m\u00e1s de 250 cargos, entre ellos la Gobernaci\u00f3n, el Gobierno Regional del Chaco y los gobiernos municipales. Estas organizaciones deben definir e inscribir sus listas de candidatos entre el 17 y el 22 de diciembre, seg\u00fan el cronograma del \u00d3rgano Electoral.<\/p>\n\n\n\n<figure class=\"wp-block-image size-full\"><img loading=\"lazy\" decoding=\"async\" width=\"843\" height=\"519\" src=\"https:\/\/stbnoticias.com\/wp-content\/uploads\/2025\/12\/image-23.png\" alt=\"\" class=\"wp-image-11329\" srcset=\"https:\/\/stbnoticias.com\/wp-content\/uploads\/2025\/12\/image-23.png 843w, https:\/\/stbnoticias.com\/wp-content\/uploads\/2025\/12\/image-23-300x185.png 300w, https:\/\/stbnoticias.com\/wp-content\/uploads\/2025\/12\/image-23-768x473.png 768w\" sizes=\"auto, (max-width: 843px) 100vw, 843px\" \/><\/figure>\n\n\n\n<p>Del total de frentes habilitados, dos son alianzas pol\u00edticas de alcance nacional, registradas ante el Tribunal Supremo Electoral. La primera es la alianza Patria, integrada por Unidad Nacional (UN), Todos, Frente Revolucionario de Izquierda (FRI), Movimiento de Izquierda Revolucionario (MIR) y Primero la Gente, liderada por Rodrigo Paz. La segunda es Primero Tarija, conformada por el MNR y Nueva Alianza Sur (Nasur).<\/p>\n\n\n\n<p>A nivel departamental no se lograron alianzas entre agrupaciones ciudadanas locales. Sin embargo, el Tribunal Electoral Departamental de Tarija confirm\u00f3 la participaci\u00f3n de nueve agrupaciones ciudadanas y una organizaci\u00f3n ind\u00edgena originario campesina (NPIOC), que tambi\u00e9n tomar\u00e1n parte en los comicios.<\/p>\n\n\n\n<p>Entre las agrupaciones habilitadas se encuentran Unidos para Renovar (Unir), Integraci\u00f3n Seguridad y Autonom\u00eda (ISA), Somos Chaco, Madre Tierra (MT), Movimiento Autonomista de Trabajo y Esperanza (MATE), Camino Democr\u00e1tico para el Cambio (CDC), Primero la Gente (PG), Frente Agropecuario Unido (FAU) y la Alianza de Integraci\u00f3n Regional (AIR), adem\u00e1s del Consejo de Capitanes Guaran\u00ed de Tarija, que representar\u00e1 a los pueblos ind\u00edgenas.<\/p>\n","protected":false},"excerpt":{"rendered":"<p>Tras cumplirse el plazo clave del calendario electoral el 15 de diciembre, se confirm\u00f3 que 11 frentes pol\u00edticos competir\u00e1n en las elecciones subnacionales del departamento de Tarija por m\u00e1s de 250 cargos, entre ellos la Gobernaci\u00f3n, el Gobierno Regional del Chaco y los gobiernos municipales. Estas organizaciones deben definir e inscribir sus listas de candidatos [&hellip;]<\/p>\n","protected":false},"author":1,"featured_media":11329,"comment_status":"closed","ping_status":"closed","sticky":false,"template":"","format":"standard","meta":{"fifu_image_url":"","fifu_image_alt":"","footnotes":""},"categories":[1],"tags":[],"class_list":["post-11328","post","type-post","status-publish","format-standard","has-post-thumbnail","hentry","category-sin-categoria"],"_links":{"self":[{"href":"https:\/\/stbnoticias.com\/index.php\/wp-json\/wp\/v2\/posts\/11328","targetHints":{"allow":["GET"]}}],"collection":[{"href":"https:\/\/stbnoticias.com\/index.php\/wp-json\/wp\/v2\/posts"}],"about":[{"href":"https:\/\/stbnoticias.com\/index.php\/wp-json\/wp\/v2\/types\/post"}],"author":[{"embeddable":true,"href":"https:\/\/stbnoticias.com\/index.php\/wp-json\/wp\/v2\/users\/1"}],"replies":[{"embeddable":true,"href":"https:\/\/stbnoticias.com\/index.php\/wp-json\/wp\/v2\/comments?post=11328"}],"version-history":[{"count":1,"href":"https:\/\/stbnoticias.com\/index.php\/wp-json\/wp\/v2\/posts\/11328\/revisions"}],"predecessor-version":[{"id":11330,"href":"https:\/\/stbnoticias.com\/index.php\/wp-json\/wp\/v2\/posts\/11328\/revisions\/11330"}],"wp:featuredmedia":[{"embeddable":true,"href":"https:\/\/stbnoticias.com\/index.php\/wp-json\/wp\/v2\/media\/11329"}],"wp:attachment":[{"href":"https:\/\/stbnoticias.com\/index.php\/wp-json\/wp\/v2\/media?parent=11328"}],"wp:term":[{"taxonomy":"category","embeddable":true,"href":"https:\/\/stbnoticias.com\/index.php\/wp-json\/wp\/v2\/categories?post=11328"},{"taxonomy":"post_tag","embeddable":true,"href":"https:\/\/stbnoticias.com\/index.php\/wp-json\/wp\/v2\/tags?post=11328"}],"curies":[{"name":"wp","href":"https:\/\/api.w.org\/{rel}","templated":true}]}}