{"id":11331,"date":"2025-12-16T18:34:52","date_gmt":"2025-12-16T22:34:52","guid":{"rendered":"https:\/\/stbnoticias.com\/?p=11331"},"modified":"2025-12-19T18:35:02","modified_gmt":"2025-12-19T22:35:02","slug":"gobierno-afirma-que-no-se-eliminara-ningun-bono-o-renta","status":"publish","type":"post","link":"https:\/\/stbnoticias.com\/index.php\/2025\/12\/16\/gobierno-afirma-que-no-se-eliminara-ningun-bono-o-renta\/","title":{"rendered":"GOBIERNO AFIRMA QUE NO SE ELIMINAR\u00c1 NING\u00daN BONO O RENTA"},"content":{"rendered":"\n<p>El Gobierno boliviano, a trav\u00e9s del viceministro de Coordinaci\u00f3n de la Gesti\u00f3n P\u00fablica, Julio <a><\/a>Linares, afirm\u00f3 este lunes que no eliminar\u00e1 ning\u00fan bono o renta e, incluso, existe \u201copci\u00f3n de mejorar\u201d.<\/p>\n\n\n\n<figure class=\"wp-block-image size-full\"><img loading=\"lazy\" decoding=\"async\" width=\"960\" height=\"540\" src=\"https:\/\/stbnoticias.com\/wp-content\/uploads\/2025\/12\/image-24.png\" alt=\"\" class=\"wp-image-11332\" srcset=\"https:\/\/stbnoticias.com\/wp-content\/uploads\/2025\/12\/image-24.png 960w, https:\/\/stbnoticias.com\/wp-content\/uploads\/2025\/12\/image-24-300x169.png 300w, https:\/\/stbnoticias.com\/wp-content\/uploads\/2025\/12\/image-24-768x432.png 768w\" sizes=\"auto, (max-width: 960px) 100vw, 960px\" \/><\/figure>\n\n\n\n<p>\u201cNing\u00fan bono o renta (se) est\u00e1 pensando en eliminar, existe alguna opci\u00f3n de mejorar\u201d, asever\u00f3 en conferencia de prensa.<\/p>\n\n\n\n<p>Linares, en ese sentido, enfatiz\u00f3 que \u201cse analiza la forma de mejorar, de ninguna manera eliminar los bonos\u201d.<\/p>\n\n\n\n<p>\u201cNo est\u00e1 en planes del Gobierno m\u00edo ni fue parte de la campa\u00f1a de Rodrigo Paz\u201d, acot\u00f3.<\/p>\n\n\n\n<p>Las palabras del Viceministro se dieron en la conferencia referida al da\u00f1o econ\u00f3mico que dej\u00f3 las empresas p\u00fablicas y plantas de industrializaci\u00f3n durante los gobiernos de Evo Morales y Luis Arce.<\/p>\n\n\n\n<p>\u201cEl da\u00f1o total de la corrupci\u00f3n en empresas p\u00fablicas y plantas de industrializaci\u00f3n es de 2595 millones de d\u00f3lares\u201d, asever\u00f3 el ministro de la Presidencia, Jos\u00e9 Luis Lupo.<\/p>\n","protected":false},"excerpt":{"rendered":"<p>El Gobierno boliviano, a trav\u00e9s del viceministro de Coordinaci\u00f3n de la Gesti\u00f3n P\u00fablica, Julio Linares, afirm\u00f3 este lunes que no eliminar\u00e1 ning\u00fan bono o renta e, incluso, existe \u201copci\u00f3n de mejorar\u201d. \u201cNing\u00fan bono o renta (se) est\u00e1 pensando en eliminar, existe alguna opci\u00f3n de mejorar\u201d, asever\u00f3 en conferencia de prensa. Linares, en ese sentido, enfatiz\u00f3 [&hellip;]<\/p>\n","protected":false},"author":1,"featured_media":11332,"comment_status":"closed","ping_status":"closed","sticky":false,"template":"","format":"standard","meta":{"fifu_image_url":"","fifu_image_alt":"","footnotes":""},"categories":[1],"tags":[],"class_list":["post-11331","post","type-post","status-publish","format-standard","has-post-thumbnail","hentry","category-sin-categoria"],"_links":{"self":[{"href":"https:\/\/stbnoticias.com\/index.php\/wp-json\/wp\/v2\/posts\/11331","targetHints":{"allow":["GET"]}}],"collection":[{"href":"https:\/\/stbnoticias.com\/index.php\/wp-json\/wp\/v2\/posts"}],"about":[{"href":"https:\/\/stbnoticias.com\/index.php\/wp-json\/wp\/v2\/types\/post"}],"author":[{"embeddable":true,"href":"https:\/\/stbnoticias.com\/index.php\/wp-json\/wp\/v2\/users\/1"}],"replies":[{"embeddable":true,"href":"https:\/\/stbnoticias.com\/index.php\/wp-json\/wp\/v2\/comments?post=11331"}],"version-history":[{"count":1,"href":"https:\/\/stbnoticias.com\/index.php\/wp-json\/wp\/v2\/posts\/11331\/revisions"}],"predecessor-version":[{"id":11333,"href":"https:\/\/stbnoticias.com\/index.php\/wp-json\/wp\/v2\/posts\/11331\/revisions\/11333"}],"wp:featuredmedia":[{"embeddable":true,"href":"https:\/\/stbnoticias.com\/index.php\/wp-json\/wp\/v2\/media\/11332"}],"wp:attachment":[{"href":"https:\/\/stbnoticias.com\/index.php\/wp-json\/wp\/v2\/media?parent=11331"}],"wp:term":[{"taxonomy":"category","embeddable":true,"href":"https:\/\/stbnoticias.com\/index.php\/wp-json\/wp\/v2\/categories?post=11331"},{"taxonomy":"post_tag","embeddable":true,"href":"https:\/\/stbnoticias.com\/index.php\/wp-json\/wp\/v2\/tags?post=11331"}],"curies":[{"name":"wp","href":"https:\/\/api.w.org\/{rel}","templated":true}]}}