{"id":11360,"date":"2026-01-07T11:56:02","date_gmt":"2026-01-07T15:56:02","guid":{"rendered":"https:\/\/stbnoticias.com\/?p=11360"},"modified":"2026-01-07T11:56:02","modified_gmt":"2026-01-07T15:56:02","slug":"maestros-y-estudiantes-tienen-prohibido-usar-el-celular-en-clase-esto-dice-la-nueva-resolucion-ministerial","status":"publish","type":"post","link":"https:\/\/stbnoticias.com\/index.php\/2026\/01\/07\/maestros-y-estudiantes-tienen-prohibido-usar-el-celular-en-clase-esto-dice-la-nueva-resolucion-ministerial\/","title":{"rendered":"MAESTROS Y ESTUDIANTES TIENEN PROHIBIDO USAR EL CELULAR EN CLASE; ESTO DICE LA NUEVA RESOLUCI\u00d3N MINISTERIAL"},"content":{"rendered":"\n<p>El viceministro de Educaci\u00f3n Regular, Juan <a><\/a>Carlos Pimentel, explic\u00f3 los alcances de la resoluci\u00f3n ministerial n\u00famero 0001-2026 que establece modificaciones a la gesti\u00f3n escolar 2026. Uno de los objetivos es que haya 200 d\u00edas h\u00e1biles de trabajo, pero con calidad.<\/p>\n\n\n\n<figure class=\"wp-block-image size-full is-resized\"><img loading=\"lazy\" decoding=\"async\" width=\"500\" height=\"281\" src=\"https:\/\/stbnoticias.com\/wp-content\/uploads\/2026\/01\/image-1.png\" alt=\"\" class=\"wp-image-11361\" style=\"width:840px;height:auto\" srcset=\"https:\/\/stbnoticias.com\/wp-content\/uploads\/2026\/01\/image-1.png 500w, https:\/\/stbnoticias.com\/wp-content\/uploads\/2026\/01\/image-1-300x169.png 300w\" sizes=\"auto, (max-width: 500px) 100vw, 500px\" \/><\/figure>\n\n\n\n<p>En la resoluci\u00f3n se establece la prohibici\u00f3n del uso de celulares tanto para maestros y estudiantes, debido a que, seg\u00fan el viceministro, es una fuente de distracci\u00f3n, hay una suerte de independencia y es fuente de incentivaci\u00f3n a la violencia.<\/p>\n\n\n\n<p>Asimismo, la autoridad indic\u00f3 que se ha suprimido toda actividad que anteriormente, ha significado la interrupci\u00f3n de clases. \u201cNo vamos a permitir que se interrumpan clases por festejos, por aniversarios, fiestas patronales, juegos deportivos, campeonatos y actividades sindicales del magisterio. Absolutamente no hay nada de eso\u201d, indic\u00f3.<\/p>\n\n\n\n<p>Expuso que las direcciones distritales, en coordinaci\u00f3n con sus direcciones departamentales, podr\u00e1n hacer los ajustes necesarios de acuerdo a la realidad de cada uno de los distritos. Por ejemplo, la vacaci\u00f3n de invierno.<\/p>\n\n\n\n<p>\u201cSer\u00e1n las direcciones distritales en coordinaci\u00f3n con sus direcciones departamentales y obviamente, si hay alg\u00fan brote climatol\u00f3gico, tendr\u00e1n que consultar tambi\u00e9n con las autoridades de salud. Pero de ninguna manera se aplica un calendario \u00fanico para la vacaci\u00f3n de invierno porque la realidad es muy distinta\u201d, dijo.<\/p>\n\n\n\n<p>Por otro lado, dijo que, en el 2026, solo se pedir\u00e1 a los maestros dos tipos de planes, entre ellos el plan operativo anual, que tendr\u00e1 un cronograma de actividades.<\/p>\n\n\n\n<p>\u201cSi hay necesidad de suspender un d\u00eda clases porque tienen festival de m\u00fasica, educaci\u00f3n f\u00edsica, etc., que es parte de las actividades de formaci\u00f3n integral definidas por la unidad educativa, se acepta y tiene que estar en ese plan\u201d.<\/p>\n\n\n\n<p>Asimismo, la resoluci\u00f3n establece que un ni\u00f1o inicial tendr\u00e1 que cumplir cuatro a\u00f1os hasta el \u00faltimo d\u00eda de marzo y para primaria, seis cumplidos en marzo.<\/p>\n\n\n\n<p>En la nueva resoluci\u00f3n tambi\u00e9n se establece que se har\u00e1 \u00e9nfasis en la promoci\u00f3n de la lectura. \u201cLa ense\u00f1anza de la lectura y la escritura no puede ser, ni lo ser\u00e1, solo tarea de los maestros de lenguaje. Todos los maestros, de educaci\u00f3n f\u00edsica, artes, etc\u00e9tera, tienen que ense\u00f1ar a leer y escribir a sus estudiantes\u201d.<\/p>\n","protected":false},"excerpt":{"rendered":"<p>El viceministro de Educaci\u00f3n Regular, Juan Carlos Pimentel, explic\u00f3 los alcances de la resoluci\u00f3n ministerial n\u00famero 0001-2026 que establece modificaciones a la gesti\u00f3n escolar 2026. Uno de los objetivos es que haya 200 d\u00edas h\u00e1biles de trabajo, pero con calidad. En la resoluci\u00f3n se establece la prohibici\u00f3n del uso de celulares tanto para maestros y [&hellip;]<\/p>\n","protected":false},"author":1,"featured_media":11361,"comment_status":"closed","ping_status":"closed","sticky":false,"template":"","format":"standard","meta":{"fifu_image_url":"","fifu_image_alt":"","footnotes":""},"categories":[22],"tags":[],"class_list":["post-11360","post","type-post","status-publish","format-standard","has-post-thumbnail","hentry","category-bolivia"],"_links":{"self":[{"href":"https:\/\/stbnoticias.com\/index.php\/wp-json\/wp\/v2\/posts\/11360","targetHints":{"allow":["GET"]}}],"collection":[{"href":"https:\/\/stbnoticias.com\/index.php\/wp-json\/wp\/v2\/posts"}],"about":[{"href":"https:\/\/stbnoticias.com\/index.php\/wp-json\/wp\/v2\/types\/post"}],"author":[{"embeddable":true,"href":"https:\/\/stbnoticias.com\/index.php\/wp-json\/wp\/v2\/users\/1"}],"replies":[{"embeddable":true,"href":"https:\/\/stbnoticias.com\/index.php\/wp-json\/wp\/v2\/comments?post=11360"}],"version-history":[{"count":1,"href":"https:\/\/stbnoticias.com\/index.php\/wp-json\/wp\/v2\/posts\/11360\/revisions"}],"predecessor-version":[{"id":11362,"href":"https:\/\/stbnoticias.com\/index.php\/wp-json\/wp\/v2\/posts\/11360\/revisions\/11362"}],"wp:featuredmedia":[{"embeddable":true,"href":"https:\/\/stbnoticias.com\/index.php\/wp-json\/wp\/v2\/media\/11361"}],"wp:attachment":[{"href":"https:\/\/stbnoticias.com\/index.php\/wp-json\/wp\/v2\/media?parent=11360"}],"wp:term":[{"taxonomy":"category","embeddable":true,"href":"https:\/\/stbnoticias.com\/index.php\/wp-json\/wp\/v2\/categories?post=11360"},{"taxonomy":"post_tag","embeddable":true,"href":"https:\/\/stbnoticias.com\/index.php\/wp-json\/wp\/v2\/tags?post=11360"}],"curies":[{"name":"wp","href":"https:\/\/api.w.org\/{rel}","templated":true}]}}