{"id":11363,"date":"2026-01-05T11:56:36","date_gmt":"2026-01-05T15:56:36","guid":{"rendered":"https:\/\/stbnoticias.com\/?p=11363"},"modified":"2026-01-07T11:56:45","modified_gmt":"2026-01-07T15:56:45","slug":"educacion-prohibe-actos-de-graduacion-en-inicial-y-primaria","status":"publish","type":"post","link":"https:\/\/stbnoticias.com\/index.php\/2026\/01\/05\/educacion-prohibe-actos-de-graduacion-en-inicial-y-primaria\/","title":{"rendered":"EDUCACI\u00d3N PROH\u00cdBE ACTOS DE GRADUACI\u00d3N EN INICIAL Y PRIMARIA"},"content":{"rendered":"\n<p>El Ministerio de Educaci\u00f3n anunci\u00f3 este lunes que quedan prohibidos los actos de graduaci\u00f3n o <a><\/a>promociones en los niveles inicial y primaria. Esta cartera de Estado afirm\u00f3 que solo se permitir\u00e1 la realizaci\u00f3n de estos actos en el nivel secundario.<\/p>\n\n\n\n<figure class=\"wp-block-image size-full\"><img loading=\"lazy\" decoding=\"async\" width=\"720\" height=\"540\" src=\"https:\/\/stbnoticias.com\/wp-content\/uploads\/2026\/01\/image-2.png\" alt=\"\" class=\"wp-image-11364\" srcset=\"https:\/\/stbnoticias.com\/wp-content\/uploads\/2026\/01\/image-2.png 720w, https:\/\/stbnoticias.com\/wp-content\/uploads\/2026\/01\/image-2-300x225.png 300w\" sizes=\"auto, (max-width: 720px) 100vw, 720px\" \/><\/figure>\n\n\n\n<p>\u201cEstamos prohibiendo promociones en inicial y en primaria. Solo se aceptan promociones en secundaria, porque era el colmo que chiquitos (ni\u00f1os) de inicial, ten\u00edan padrinos, les regalaban anillos\u201d, dijo Juan Carlos Pimentel, viceministro de Educaci\u00f3n Regular.<\/p>\n\n\n\n<p>Esta normativa est\u00e1 contemplada en la Resoluci\u00f3n Ministerial 001\/2026, que establece cambios en el sistema educativo para esta gesti\u00f3n. En uno de sus art\u00edculos se\u00f1ala que \u201cquedan prohibidos los actos de graduaci\u00f3n en Educaci\u00f3n Inicial y Primaria Comunitaria Vocacional\u201d. Estos actos solo podr\u00e1n realizarse en secundaria.<\/p>\n\n\n\n<p>Por otro lado, Educaci\u00f3n tambi\u00e9n prohibi\u00f3 las cuotas escolares que cobran juntas escolares en los colegios para actividades como agasajos u homenajes.<\/p>\n\n\n\n<p>\u201cSe proh\u00edbe para esta gesti\u00f3n toda cuota que pidan las juntas escolares para agasajos, homenajes, etc. Hemos constatado que por ah\u00ed se cometen abusos. Por lo tanto, en esta gesti\u00f3n, las juntas escolares deber\u00e1n tener estrictamente cuotas para mejorar el equipamiento, infraestructura, etc.\u201d, se\u00f1al\u00f3 la autoridad.<\/p>\n\n\n\n<p>Este lunes, Educaci\u00f3n lanz\u00f3 una serie de disposiciones que entrar\u00e1n en vigencia en la gesti\u00f3n 2026, una vez que se inicien las clases el pr\u00f3ximo 2 de febrero.<\/p>\n","protected":false},"excerpt":{"rendered":"<p>El Ministerio de Educaci\u00f3n anunci\u00f3 este lunes que quedan prohibidos los actos de graduaci\u00f3n o promociones en los niveles inicial y primaria. Esta cartera de Estado afirm\u00f3 que solo se permitir\u00e1 la realizaci\u00f3n de estos actos en el nivel secundario. \u201cEstamos prohibiendo promociones en inicial y en primaria. Solo se aceptan promociones en secundaria, porque [&hellip;]<\/p>\n","protected":false},"author":1,"featured_media":11364,"comment_status":"closed","ping_status":"closed","sticky":false,"template":"","format":"standard","meta":{"fifu_image_url":"","fifu_image_alt":"","footnotes":""},"categories":[22],"tags":[],"class_list":["post-11363","post","type-post","status-publish","format-standard","has-post-thumbnail","hentry","category-bolivia"],"_links":{"self":[{"href":"https:\/\/stbnoticias.com\/index.php\/wp-json\/wp\/v2\/posts\/11363","targetHints":{"allow":["GET"]}}],"collection":[{"href":"https:\/\/stbnoticias.com\/index.php\/wp-json\/wp\/v2\/posts"}],"about":[{"href":"https:\/\/stbnoticias.com\/index.php\/wp-json\/wp\/v2\/types\/post"}],"author":[{"embeddable":true,"href":"https:\/\/stbnoticias.com\/index.php\/wp-json\/wp\/v2\/users\/1"}],"replies":[{"embeddable":true,"href":"https:\/\/stbnoticias.com\/index.php\/wp-json\/wp\/v2\/comments?post=11363"}],"version-history":[{"count":1,"href":"https:\/\/stbnoticias.com\/index.php\/wp-json\/wp\/v2\/posts\/11363\/revisions"}],"predecessor-version":[{"id":11365,"href":"https:\/\/stbnoticias.com\/index.php\/wp-json\/wp\/v2\/posts\/11363\/revisions\/11365"}],"wp:featuredmedia":[{"embeddable":true,"href":"https:\/\/stbnoticias.com\/index.php\/wp-json\/wp\/v2\/media\/11364"}],"wp:attachment":[{"href":"https:\/\/stbnoticias.com\/index.php\/wp-json\/wp\/v2\/media?parent=11363"}],"wp:term":[{"taxonomy":"category","embeddable":true,"href":"https:\/\/stbnoticias.com\/index.php\/wp-json\/wp\/v2\/categories?post=11363"},{"taxonomy":"post_tag","embeddable":true,"href":"https:\/\/stbnoticias.com\/index.php\/wp-json\/wp\/v2\/tags?post=11363"}],"curies":[{"name":"wp","href":"https:\/\/api.w.org\/{rel}","templated":true}]}}