{"id":11366,"date":"2026-01-08T19:33:46","date_gmt":"2026-01-08T23:33:46","guid":{"rendered":"https:\/\/stbnoticias.com\/?p=11366"},"modified":"2026-01-08T19:33:46","modified_gmt":"2026-01-08T23:33:46","slug":"lara-apoya-las-movilizaciones-de-la-cob-paz-gobierna-con-decretos-inconstitucionales","status":"publish","type":"post","link":"https:\/\/stbnoticias.com\/index.php\/2026\/01\/08\/lara-apoya-las-movilizaciones-de-la-cob-paz-gobierna-con-decretos-inconstitucionales\/","title":{"rendered":"LARA APOYA LAS MOVILIZACIONES DE LA COB: \u201cPAZ GOBIERNA CON DECRETOS INCONSTITUCIONALES\u201d"},"content":{"rendered":"\n<p>El vicepresidente del pa\u00eds, Edmand Lara, rompi\u00f3 el silencio despu\u00e9s <a><\/a>de varios d\u00edas y se refiri\u00f3 a los decretos supremos 5503 y 5515. La autoridad expres\u00f3 su apoyo a las movilizaciones de la Central Obrera Boliviana (COB) y calific\u00f3 a las normas de inconstitucionales.<\/p>\n\n\n\n<figure class=\"wp-block-image size-full is-resized\"><img loading=\"lazy\" decoding=\"async\" width=\"565\" height=\"502\" src=\"https:\/\/stbnoticias.com\/wp-content\/uploads\/2026\/01\/image-3.png\" alt=\"\" class=\"wp-image-11367\" style=\"width:840px;height:auto\" srcset=\"https:\/\/stbnoticias.com\/wp-content\/uploads\/2026\/01\/image-3.png 565w, https:\/\/stbnoticias.com\/wp-content\/uploads\/2026\/01\/image-3-300x267.png 300w\" sizes=\"auto, (max-width: 565px) 100vw, 565px\" \/><\/figure>\n\n\n\n<p>\u201cEn lugar de avanzar en democracia, estamos retrocediendo, Rodrigo Paz gobierna con decretos inconstitucionales que vulneran la independencia de poderes, que relegan a la Asamblea Legislativa Plurinacional, que usurpa funciones y que pone a disposici\u00f3n de empresas extranjeras nuestros recursos naturales\u201d, indic\u00f3 Lara mediante un video de Tik Tok.<\/p>\n\n\n\n<p>Adem\u00e1s, rechaz\u00f3 la intervenci\u00f3n de la polic\u00eda al Hotel de la COB, la ma\u00f1ana de este pasado martes, ya que asegur\u00f3 que se pretend\u00eda aprehender al dirigente Mario Argollo, para acallarlo, amedrentarlo y desacreditarlo.<\/p>\n\n\n\n<p>\u201cEstoy del lado de mi pueblo, el hecho de que no salga a marchar, no significa que no los est\u00e9 apoyando\u201d, expuso y agreg\u00f3 que, si se moviliza, ser\u00e1 acusado de golpe de Estado.<\/p>\n\n\n\n<p>\u201cRodrigo Paz y sus ministros me ven como una amenaza (\u2026) yo les dije alguna vez, que, si Rodrigo Paz no cumpl\u00eda su palabra, comet\u00eda excesos de hechos de corrupci\u00f3n, yo lo iba a denunciar y eso hago\u201d, mencion\u00f3.<\/p>\n\n\n\n<p>Lara tambi\u00e9n critic\u00f3 a Paz al considerar que \u201cse emborrach\u00f3 de poder\u201d y no escucha a la gente que vot\u00f3 por \u00e9l. \u201cEl emborracharse del poder, el no saber escuchar, el no saber entender que a veces es necesario recapacitar y dar un paso atr\u00e1s por el bien de la poblaci\u00f3n, hace que a la larga pagues las consecuencias de tus malas acciones\u201d.<\/p>\n","protected":false},"excerpt":{"rendered":"<p>El vicepresidente del pa\u00eds, Edmand Lara, rompi\u00f3 el silencio despu\u00e9s de varios d\u00edas y se refiri\u00f3 a los decretos supremos 5503 y 5515. La autoridad expres\u00f3 su apoyo a las movilizaciones de la Central Obrera Boliviana (COB) y calific\u00f3 a las normas de inconstitucionales. \u201cEn lugar de avanzar en democracia, estamos retrocediendo, Rodrigo Paz gobierna [&hellip;]<\/p>\n","protected":false},"author":1,"featured_media":11367,"comment_status":"closed","ping_status":"closed","sticky":false,"template":"","format":"standard","meta":{"fifu_image_url":"","fifu_image_alt":"","footnotes":""},"categories":[22],"tags":[],"class_list":["post-11366","post","type-post","status-publish","format-standard","has-post-thumbnail","hentry","category-bolivia"],"_links":{"self":[{"href":"https:\/\/stbnoticias.com\/index.php\/wp-json\/wp\/v2\/posts\/11366","targetHints":{"allow":["GET"]}}],"collection":[{"href":"https:\/\/stbnoticias.com\/index.php\/wp-json\/wp\/v2\/posts"}],"about":[{"href":"https:\/\/stbnoticias.com\/index.php\/wp-json\/wp\/v2\/types\/post"}],"author":[{"embeddable":true,"href":"https:\/\/stbnoticias.com\/index.php\/wp-json\/wp\/v2\/users\/1"}],"replies":[{"embeddable":true,"href":"https:\/\/stbnoticias.com\/index.php\/wp-json\/wp\/v2\/comments?post=11366"}],"version-history":[{"count":1,"href":"https:\/\/stbnoticias.com\/index.php\/wp-json\/wp\/v2\/posts\/11366\/revisions"}],"predecessor-version":[{"id":11368,"href":"https:\/\/stbnoticias.com\/index.php\/wp-json\/wp\/v2\/posts\/11366\/revisions\/11368"}],"wp:featuredmedia":[{"embeddable":true,"href":"https:\/\/stbnoticias.com\/index.php\/wp-json\/wp\/v2\/media\/11367"}],"wp:attachment":[{"href":"https:\/\/stbnoticias.com\/index.php\/wp-json\/wp\/v2\/media?parent=11366"}],"wp:term":[{"taxonomy":"category","embeddable":true,"href":"https:\/\/stbnoticias.com\/index.php\/wp-json\/wp\/v2\/categories?post=11366"},{"taxonomy":"post_tag","embeddable":true,"href":"https:\/\/stbnoticias.com\/index.php\/wp-json\/wp\/v2\/tags?post=11366"}],"curies":[{"name":"wp","href":"https:\/\/api.w.org\/{rel}","templated":true}]}}