{"id":11369,"date":"2026-01-08T19:39:06","date_gmt":"2026-01-08T23:39:06","guid":{"rendered":"https:\/\/stbnoticias.com\/?p=11369"},"modified":"2026-01-08T19:39:07","modified_gmt":"2026-01-08T23:39:07","slug":"ponchos-rojos-agreden-a-chicotazos-a-transeuntes-que-criticaron-su-marcha-2","status":"publish","type":"post","link":"https:\/\/stbnoticias.com\/index.php\/2026\/01\/08\/ponchos-rojos-agreden-a-chicotazos-a-transeuntes-que-criticaron-su-marcha-2\/","title":{"rendered":"PONCHOS ROJOS AGREDEN A \u201cCHICOTAZOS\u201d A TRANSE\u00daNTES QUE CRITICARON SU MARCHA"},"content":{"rendered":"\n<p>Los Ponchos Rojos agredieron a \u201cchicotazos\u201d a transe\u00fantes que criticaron la marcha <a><\/a>\u201cBolivia No Se Vende\u201d en rechazo al Decreto Supremo 5503. El hecho ocurri\u00f3 la ma\u00f1ana de este lunes en la avenida Camacho del centro pace\u00f1o.<\/p>\n\n\n\n<figure class=\"wp-block-image size-full is-resized\"><img loading=\"lazy\" decoding=\"async\" width=\"598\" height=\"379\" src=\"https:\/\/stbnoticias.com\/wp-content\/uploads\/2026\/01\/image-4.png\" alt=\"\" class=\"wp-image-11370\" style=\"width:840px;height:auto\" srcset=\"https:\/\/stbnoticias.com\/wp-content\/uploads\/2026\/01\/image-4.png 598w, https:\/\/stbnoticias.com\/wp-content\/uploads\/2026\/01\/image-4-300x190.png 300w\" sizes=\"auto, (max-width: 598px) 100vw, 598px\" \/><\/figure>\n\n\n\n<p>Los Ponchos Rojos azotaron a las personas con sus chicotes, mientras la gente les gritaba \u201cabusivos\u201d. Ellos excusaron los hechos de violencia diciendo: \u201custedes nos provocan\u201d.<\/p>\n\n\n\n<p>La marcha de la Central Obrera Boliviana (COB), y sectores afines, lleg\u00f3 la ma\u00f1ana de este lunes a la Ceja de la ciudad de El Alto y descendi\u00f3 rumbo a la ciudad de La Paz, previo a la reuni\u00f3n que acord\u00f3 con el Gobierno para exigir la abrogaci\u00f3n del Decreto Supremo 5503.<\/p>\n\n\n\n<p>La movilizaci\u00f3n arrib\u00f3 en horas de la ma\u00f1ana a la urbe alte\u00f1a y se uni\u00f3 a los campesinos de La Paz, quienes tambi\u00e9n marchan esta jornada en rechazo al mencionado decreto.<\/p>\n","protected":false},"excerpt":{"rendered":"<p>Los Ponchos Rojos agredieron a \u201cchicotazos\u201d a transe\u00fantes que criticaron la marcha \u201cBolivia No Se Vende\u201d en rechazo al Decreto Supremo 5503. El hecho ocurri\u00f3 la ma\u00f1ana de este lunes en la avenida Camacho del centro pace\u00f1o. Los Ponchos Rojos azotaron a las personas con sus chicotes, mientras la gente les gritaba \u201cabusivos\u201d. Ellos excusaron [&hellip;]<\/p>\n","protected":false},"author":1,"featured_media":11370,"comment_status":"closed","ping_status":"closed","sticky":false,"template":"","format":"standard","meta":{"fifu_image_url":"","fifu_image_alt":"","footnotes":""},"categories":[22],"tags":[],"class_list":["post-11369","post","type-post","status-publish","format-standard","has-post-thumbnail","hentry","category-bolivia"],"_links":{"self":[{"href":"https:\/\/stbnoticias.com\/index.php\/wp-json\/wp\/v2\/posts\/11369","targetHints":{"allow":["GET"]}}],"collection":[{"href":"https:\/\/stbnoticias.com\/index.php\/wp-json\/wp\/v2\/posts"}],"about":[{"href":"https:\/\/stbnoticias.com\/index.php\/wp-json\/wp\/v2\/types\/post"}],"author":[{"embeddable":true,"href":"https:\/\/stbnoticias.com\/index.php\/wp-json\/wp\/v2\/users\/1"}],"replies":[{"embeddable":true,"href":"https:\/\/stbnoticias.com\/index.php\/wp-json\/wp\/v2\/comments?post=11369"}],"version-history":[{"count":1,"href":"https:\/\/stbnoticias.com\/index.php\/wp-json\/wp\/v2\/posts\/11369\/revisions"}],"predecessor-version":[{"id":11371,"href":"https:\/\/stbnoticias.com\/index.php\/wp-json\/wp\/v2\/posts\/11369\/revisions\/11371"}],"wp:featuredmedia":[{"embeddable":true,"href":"https:\/\/stbnoticias.com\/index.php\/wp-json\/wp\/v2\/media\/11370"}],"wp:attachment":[{"href":"https:\/\/stbnoticias.com\/index.php\/wp-json\/wp\/v2\/media?parent=11369"}],"wp:term":[{"taxonomy":"category","embeddable":true,"href":"https:\/\/stbnoticias.com\/index.php\/wp-json\/wp\/v2\/categories?post=11369"},{"taxonomy":"post_tag","embeddable":true,"href":"https:\/\/stbnoticias.com\/index.php\/wp-json\/wp\/v2\/tags?post=11369"}],"curies":[{"name":"wp","href":"https:\/\/api.w.org\/{rel}","templated":true}]}}