{"id":11372,"date":"2026-01-09T19:16:31","date_gmt":"2026-01-09T23:16:31","guid":{"rendered":"https:\/\/stbnoticias.com\/?p=11372"},"modified":"2026-01-09T19:16:31","modified_gmt":"2026-01-09T23:16:31","slug":"dispararon-y-huyeron-esto-es-lo-que-se-sabe-del-asesinato-de-mauricio-aramayo-allegado-al-presidente-paz","status":"publish","type":"post","link":"https:\/\/stbnoticias.com\/index.php\/2026\/01\/09\/dispararon-y-huyeron-esto-es-lo-que-se-sabe-del-asesinato-de-mauricio-aramayo-allegado-al-presidente-paz\/","title":{"rendered":"DISPARARON Y HUYERON: ESTO ES LO QUE SE SABE DEL ASESINATO DE MAURICIO ARAMAYO, ALLEGADO AL PRESIDENTE PAZ"},"content":{"rendered":"\n<p>La noche de este jueves 8 de enero, Mauricio <a><\/a>Aramayo, coordinador del Partido Dem\u00f3crata Cristiano (PDC) en Tarija y hombre cercano al presidente Rodrigo Paz, fue asesinado en un ataque armado en plena v\u00eda p\u00fablica.<\/p>\n\n\n\n<figure class=\"wp-block-image size-full\"><img loading=\"lazy\" decoding=\"async\" width=\"800\" height=\"450\" src=\"https:\/\/stbnoticias.com\/wp-content\/uploads\/2026\/01\/image-5.png\" alt=\"\" class=\"wp-image-11373\" srcset=\"https:\/\/stbnoticias.com\/wp-content\/uploads\/2026\/01\/image-5.png 800w, https:\/\/stbnoticias.com\/wp-content\/uploads\/2026\/01\/image-5-300x169.png 300w, https:\/\/stbnoticias.com\/wp-content\/uploads\/2026\/01\/image-5-768x432.png 768w\" sizes=\"auto, (max-width: 800px) 100vw, 800px\" \/><\/figure>\n\n\n\n<p>El hecho ocurri\u00f3 alrededor de las 21:00 horas en la zona de avenida Domingo Paz y calle Ram\u00f3n Rojas, en el barrio El Molino. Seg\u00fan informaci\u00f3n preliminar, dos personas a bordo de una motocicleta interceptaron a Aramayo y dispararon en varias ocasiones antes de huir con rumbo desconocido.<\/p>\n\n\n\n<p>Vecinos del sector alertaron a la Polic\u00eda tras escuchar los disparos. Cuando los agentes llegaron al lugar, encontraron al dirigente gravemente herido por impactos de arma de fuego.<\/p>\n\n\n\n<p>La v\u00edctima fue trasladada de urgencia al hospital San Juan de Dios, pero falleci\u00f3 en el trayecto debido a la gravedad de las lesiones.<\/p>\n\n\n\n<p>La Polic\u00eda acordon\u00f3 el \u00e1rea y activ\u00f3 las investigaciones. Unidades especializadas iniciaron el levantamiento de evidencias y el an\u00e1lisis de im\u00e1genes de c\u00e1maras de seguridad cercanas.<\/p>\n\n\n\n<p>Hasta el momento, no se descarta ninguna hip\u00f3tesis sobre los m\u00f3viles del crimen. Se espera un informe oficial con mayores detalles en las pr\u00f3ximas horas.<\/p>\n","protected":false},"excerpt":{"rendered":"<p>La noche de este jueves 8 de enero, Mauricio Aramayo, coordinador del Partido Dem\u00f3crata Cristiano (PDC) en Tarija y hombre cercano al presidente Rodrigo Paz, fue asesinado en un ataque armado en plena v\u00eda p\u00fablica. El hecho ocurri\u00f3 alrededor de las 21:00 horas en la zona de avenida Domingo Paz y calle Ram\u00f3n Rojas, en [&hellip;]<\/p>\n","protected":false},"author":1,"featured_media":11373,"comment_status":"closed","ping_status":"closed","sticky":false,"template":"","format":"standard","meta":{"fifu_image_url":"","fifu_image_alt":"","footnotes":""},"categories":[22],"tags":[],"class_list":["post-11372","post","type-post","status-publish","format-standard","has-post-thumbnail","hentry","category-bolivia"],"_links":{"self":[{"href":"https:\/\/stbnoticias.com\/index.php\/wp-json\/wp\/v2\/posts\/11372","targetHints":{"allow":["GET"]}}],"collection":[{"href":"https:\/\/stbnoticias.com\/index.php\/wp-json\/wp\/v2\/posts"}],"about":[{"href":"https:\/\/stbnoticias.com\/index.php\/wp-json\/wp\/v2\/types\/post"}],"author":[{"embeddable":true,"href":"https:\/\/stbnoticias.com\/index.php\/wp-json\/wp\/v2\/users\/1"}],"replies":[{"embeddable":true,"href":"https:\/\/stbnoticias.com\/index.php\/wp-json\/wp\/v2\/comments?post=11372"}],"version-history":[{"count":1,"href":"https:\/\/stbnoticias.com\/index.php\/wp-json\/wp\/v2\/posts\/11372\/revisions"}],"predecessor-version":[{"id":11374,"href":"https:\/\/stbnoticias.com\/index.php\/wp-json\/wp\/v2\/posts\/11372\/revisions\/11374"}],"wp:featuredmedia":[{"embeddable":true,"href":"https:\/\/stbnoticias.com\/index.php\/wp-json\/wp\/v2\/media\/11373"}],"wp:attachment":[{"href":"https:\/\/stbnoticias.com\/index.php\/wp-json\/wp\/v2\/media?parent=11372"}],"wp:term":[{"taxonomy":"category","embeddable":true,"href":"https:\/\/stbnoticias.com\/index.php\/wp-json\/wp\/v2\/categories?post=11372"},{"taxonomy":"post_tag","embeddable":true,"href":"https:\/\/stbnoticias.com\/index.php\/wp-json\/wp\/v2\/tags?post=11372"}],"curies":[{"name":"wp","href":"https:\/\/api.w.org\/{rel}","templated":true}]}}