{"id":11375,"date":"2026-01-09T19:17:01","date_gmt":"2026-01-09T23:17:01","guid":{"rendered":"https:\/\/stbnoticias.com\/?p=11375"},"modified":"2026-01-09T19:17:02","modified_gmt":"2026-01-09T23:17:02","slug":"becas-sociales-hoy-vence-el-plazo-para-la-postulacion","status":"publish","type":"post","link":"https:\/\/stbnoticias.com\/index.php\/2026\/01\/09\/becas-sociales-hoy-vence-el-plazo-para-la-postulacion\/","title":{"rendered":"BECAS SOCIALES: HOY VENCE EL PLAZO PARA LA POSTULACI\u00d3N"},"content":{"rendered":"\n<p>El Ministerio de Educaci\u00f3n present\u00f3 el Programa de Becas para J\u00f3venes Gesti\u00f3n 2026, orientado a <a><\/a>ampliar el acceso a la educaci\u00f3n y fortalecer la formaci\u00f3n de capital humano en el pa\u00eds. Beneficiar\u00e1 a 17.000 j\u00f3venes bolivianos, quienes podr\u00e1n acceder de manera gratuita a programas de formaci\u00f3n tecnol\u00f3gica, t\u00e9cnica superior y universitaria.<\/p>\n\n\n\n<figure class=\"wp-block-image size-full\"><img loading=\"lazy\" decoding=\"async\" width=\"782\" height=\"540\" src=\"https:\/\/stbnoticias.com\/wp-content\/uploads\/2026\/01\/image-6.png\" alt=\"\" class=\"wp-image-11376\" srcset=\"https:\/\/stbnoticias.com\/wp-content\/uploads\/2026\/01\/image-6.png 782w, https:\/\/stbnoticias.com\/wp-content\/uploads\/2026\/01\/image-6-300x207.png 300w, https:\/\/stbnoticias.com\/wp-content\/uploads\/2026\/01\/image-6-768x530.png 768w\" sizes=\"auto, (max-width: 782px) 100vw, 782px\" \/><\/figure>\n\n\n\n<p>El Programa tiene dos ofertas, las Becas Sociales y las Becas Tecnol\u00f3gicas. Este viernes 9 de enero vence el plazo para la postulaci\u00f3n al primer grupo.<\/p>\n\n\n\n<p>Becas sociales<\/p>\n\n\n\n<p>Las becas sociales son un beneficio exclusivo para los 11.406 estudiantes que obtuvieron el diploma del Incentivo al Bachiller Destacado (IBD). Su objetivo es democratizar el acceso a la formaci\u00f3n profesional en instituciones privadas, premiando el esfuerzo y el alto rendimiento acad\u00e9mico demostrado durante la etapa escolar.<\/p>\n\n\n\n<p>Permiten al estudiante cursar estudios de licenciatura, nivel t\u00e9cnico superior o carreras tecnol\u00f3gicas. La ventaja principal es que el beneficiario tiene la libertad de elegir la universidad o instituto privado de su preferencia que tenga convenio vigente con el Ministerio de Educaci\u00f3n.<\/p>\n\n\n\n<p>Actualmente se tienen 7.000 cupos disponibles y el \u00fanico requisito para los postulantes es haber recibido el diploma del IBD de la gesti\u00f3n 2025.<\/p>\n\n\n\n<p>Seg\u00fan el Ministerio de Educaci\u00f3n, la otorgaci\u00f3n se basar\u00e1 en los resultados de una prueba acad\u00e9mica que evaluar\u00e1 los conocimientos de los postulantes, la misma se realizar\u00e1 de manera presencial en los recintos habilitados y oportunamente anunciados por el Ministerio de Educaci\u00f3n.<\/p>\n\n\n\n<p>La prueba se desarrollar\u00e1 del 20 al 24 de enero, durar\u00e1 120 minutos y evaluar\u00e1 comprensi\u00f3n lectora, razonamiento l\u00f3gico, conocimientos generales y habilidades socioemocionales. Los resultados se publicar\u00e1n el 26 de enero; la inscripci\u00f3n de los seleccionados comenzar\u00e1 ese mismo d\u00eda; y el inicio de clases est\u00e1 previsto para el 2 de febrero de 2026.<\/p>\n\n\n\n<p>\u00bfC\u00f3mo postular?<\/p>\n\n\n\n<p>El proceso es completamente digital. Los bachilleres deben ingresar al portal oficial <a href=\"https:\/\/l.facebook.com\/l.php?u=http%3A%2F%2Fwww.minedu.gob.bo%2F%3Ffbclid%3DIwZXh0bgNhZW0CMTAAYnJpZBExS3hlY25CeUl0V0VmT3M1ZnNydGMGYXBwX2lkEDIyMjAzOTE3ODgyMDA4OTIAAR4FWe6c9GnHmK3pBEcTLUAiXip-JaEwBHFzfD-GUOuAgG91_k2oEuNOZ2O3rg_aem_yiGsaiPFy9KSfDAvGA0_eQ&amp;h=AT2aB39n_SXV4M-TqomUq8Y-k-6WhShtGv1lJdfCLinFmGIQZx02NDhMRMISEVFMzmPom5F5r64ZJ8uFPXBWjdIgV3IxMXbbWDJHM4nP8oOBFdaoW8kNThQiXImgLHTcHCXa323h5GJn9E8k&amp;__tn__=-UK-R&amp;c[0]=AT185r995y2FFbtaEh8ynJcpW52GTZFFqysVOfY_NO3ghDZhUwawUpBI8dFAvbffb0SetZeAi2NOclZ5Ov2OTe7Jz6bUmTIsBs5g5Q-238WESNbKfGUjdmIO09gere_FwBwRc-WcYpn9UFarR51rfPcL-TuFDBGi4PV89LtKLIwc6i4R6GU_bVRGSTYMpwroBui_NxDk9fQfT0iSugfFpltgBA\" rel=\"noreferrer noopener\" target=\"_blank\">www.minedu.gob.bo<\/a> , completar el formulario de registro y cargar la documentaci\u00f3n solicitada.<\/p>\n\n\n\n<p>Al ser una oportunidad con alta demanda, se recomienda a los j\u00f3venes realizar el tr\u00e1mite a la brevedad posible y prepararse para la evaluaci\u00f3n de m\u00e9ritos, que definir\u00e1 qui\u00e9nes ocupar\u00e1n las 7.000 plazas disponibles.<\/p>\n","protected":false},"excerpt":{"rendered":"<p>El Ministerio de Educaci\u00f3n present\u00f3 el Programa de Becas para J\u00f3venes Gesti\u00f3n 2026, orientado a ampliar el acceso a la educaci\u00f3n y fortalecer la formaci\u00f3n de capital humano en el pa\u00eds. Beneficiar\u00e1 a 17.000 j\u00f3venes bolivianos, quienes podr\u00e1n acceder de manera gratuita a programas de formaci\u00f3n tecnol\u00f3gica, t\u00e9cnica superior y universitaria. El Programa tiene dos [&hellip;]<\/p>\n","protected":false},"author":1,"featured_media":11376,"comment_status":"closed","ping_status":"closed","sticky":false,"template":"","format":"standard","meta":{"fifu_image_url":"","fifu_image_alt":"","footnotes":""},"categories":[22],"tags":[],"class_list":["post-11375","post","type-post","status-publish","format-standard","has-post-thumbnail","hentry","category-bolivia"],"_links":{"self":[{"href":"https:\/\/stbnoticias.com\/index.php\/wp-json\/wp\/v2\/posts\/11375","targetHints":{"allow":["GET"]}}],"collection":[{"href":"https:\/\/stbnoticias.com\/index.php\/wp-json\/wp\/v2\/posts"}],"about":[{"href":"https:\/\/stbnoticias.com\/index.php\/wp-json\/wp\/v2\/types\/post"}],"author":[{"embeddable":true,"href":"https:\/\/stbnoticias.com\/index.php\/wp-json\/wp\/v2\/users\/1"}],"replies":[{"embeddable":true,"href":"https:\/\/stbnoticias.com\/index.php\/wp-json\/wp\/v2\/comments?post=11375"}],"version-history":[{"count":1,"href":"https:\/\/stbnoticias.com\/index.php\/wp-json\/wp\/v2\/posts\/11375\/revisions"}],"predecessor-version":[{"id":11377,"href":"https:\/\/stbnoticias.com\/index.php\/wp-json\/wp\/v2\/posts\/11375\/revisions\/11377"}],"wp:featuredmedia":[{"embeddable":true,"href":"https:\/\/stbnoticias.com\/index.php\/wp-json\/wp\/v2\/media\/11376"}],"wp:attachment":[{"href":"https:\/\/stbnoticias.com\/index.php\/wp-json\/wp\/v2\/media?parent=11375"}],"wp:term":[{"taxonomy":"category","embeddable":true,"href":"https:\/\/stbnoticias.com\/index.php\/wp-json\/wp\/v2\/categories?post=11375"},{"taxonomy":"post_tag","embeddable":true,"href":"https:\/\/stbnoticias.com\/index.php\/wp-json\/wp\/v2\/tags?post=11375"}],"curies":[{"name":"wp","href":"https:\/\/api.w.org\/{rel}","templated":true}]}}