{"id":11397,"date":"2026-01-22T12:10:03","date_gmt":"2026-01-22T16:10:03","guid":{"rendered":"https:\/\/stbnoticias.com\/?p=11397"},"modified":"2026-01-22T12:10:04","modified_gmt":"2026-01-22T16:10:04","slug":"investigacion-por-maletas-con-presunta-droga-avanza-pero-solo-un-guardia-esta-detenido","status":"publish","type":"post","link":"https:\/\/stbnoticias.com\/index.php\/2026\/01\/22\/investigacion-por-maletas-con-presunta-droga-avanza-pero-solo-un-guardia-esta-detenido\/","title":{"rendered":"INVESTIGACI\u00d3N POR MALETAS CON PRESUNTA DROGA AVANZA, PERO SOLO UN GUARDIA EST\u00c1 DETENIDO"},"content":{"rendered":"\n<p>Un guardia de seguridad permanece aprehendido tras el hallazgo de maletas con <strong>presunta droga, armas y otros elementos<\/strong> en un galp\u00f3n allanado en la ciudad de Santa Cruz, mientras que hasta el cierre de esta edici\u00f3n <strong>no fueron convocados a declarar<\/strong> el juez anticorrupci\u00f3n Evert Zeballos ni la exdiputada y actual candidata al Concejo Municipal, Laura Rojas, pese a que ambos figuran en la l\u00ednea investigativa del caso.<\/p>\n\n\n\n<figure class=\"wp-block-image size-full is-resized\"><img loading=\"lazy\" decoding=\"async\" width=\"590\" height=\"443\" src=\"https:\/\/stbnoticias.com\/wp-content\/uploads\/2026\/01\/image-13.png\" alt=\"\" class=\"wp-image-11398\" style=\"width:840px;height:auto\" srcset=\"https:\/\/stbnoticias.com\/wp-content\/uploads\/2026\/01\/image-13.png 590w, https:\/\/stbnoticias.com\/wp-content\/uploads\/2026\/01\/image-13-300x225.png 300w\" sizes=\"auto, (max-width: 590px) 100vw, 590px\" \/><\/figure>\n\n\n\n<p>La investigaci\u00f3n se activ\u00f3 luego de un <strong>informe internacional<\/strong> que alert\u00f3 sobre el ingreso de un <strong>jet privado procedente de Los \u00c1ngeles<\/strong> al aeropuerto de Viru Viru el 29 de noviembre de 2025. De acuerdo con la cronolog\u00eda difundida por la red DTV, en la aeronave viajaron Laura Rojas y un ciudadano uruguayo-estadounidense, junto a <strong>32 maletas<\/strong> que inicialmente quedaron en dep\u00f3sitos aduaneros.<\/p>\n\n\n\n<p>Posteriormente, el equipaje habr\u00eda sido retirado y trasladado en un bus hasta un galp\u00f3n, hecho que permiti\u00f3 su seguimiento mediante c\u00e1maras de seguridad y deriv\u00f3 en la identificaci\u00f3n de los movimientos investigados.<\/p>\n\n\n\n<p>Durante el allanamiento, efectivos de la Polic\u00eda y de la FELCN encontraron <strong>sustancias controladas de origen extranjero, 79 kilos de marihuana y derivados, adem\u00e1s de armas<\/strong>, seg\u00fan el reporte preliminar. El guardia de seguridad fue aprehendido y declar\u00f3 que el inmueble pertenecer\u00eda al juez Evert Zeballos, dato que actualmente forma parte de la investigaci\u00f3n.<\/p>\n\n\n\n<p>De forma paralela, se realiz\u00f3 un allanamiento al domicilio de Laura Rojas con el objetivo de establecer si existe relaci\u00f3n entre las maletas ingresadas al pa\u00eds y la sustancia secuestrada.<\/p>\n\n\n\n<p>Desde la red DTV se\u00f1alaron que el caso se sustenta en informes, registros audiovisuales y material documental, cuestionando que hasta el momento <strong>solo una persona se encuentre aprehendida<\/strong>, mientras otras personas mencionadas en la investigaci\u00f3n a\u00fan no fueron citadas a declarar.<\/p>\n","protected":false},"excerpt":{"rendered":"<p>Un guardia de seguridad permanece aprehendido tras el hallazgo de maletas con presunta droga, armas y otros elementos en un galp\u00f3n allanado en la ciudad de Santa Cruz, mientras que hasta el cierre de esta edici\u00f3n no fueron convocados a declarar el juez anticorrupci\u00f3n Evert Zeballos ni la exdiputada y actual candidata al Concejo Municipal, [&hellip;]<\/p>\n","protected":false},"author":1,"featured_media":11398,"comment_status":"closed","ping_status":"closed","sticky":false,"template":"","format":"standard","meta":{"fifu_image_url":"","fifu_image_alt":"","footnotes":""},"categories":[22],"tags":[],"class_list":["post-11397","post","type-post","status-publish","format-standard","has-post-thumbnail","hentry","category-bolivia"],"_links":{"self":[{"href":"https:\/\/stbnoticias.com\/index.php\/wp-json\/wp\/v2\/posts\/11397","targetHints":{"allow":["GET"]}}],"collection":[{"href":"https:\/\/stbnoticias.com\/index.php\/wp-json\/wp\/v2\/posts"}],"about":[{"href":"https:\/\/stbnoticias.com\/index.php\/wp-json\/wp\/v2\/types\/post"}],"author":[{"embeddable":true,"href":"https:\/\/stbnoticias.com\/index.php\/wp-json\/wp\/v2\/users\/1"}],"replies":[{"embeddable":true,"href":"https:\/\/stbnoticias.com\/index.php\/wp-json\/wp\/v2\/comments?post=11397"}],"version-history":[{"count":1,"href":"https:\/\/stbnoticias.com\/index.php\/wp-json\/wp\/v2\/posts\/11397\/revisions"}],"predecessor-version":[{"id":11399,"href":"https:\/\/stbnoticias.com\/index.php\/wp-json\/wp\/v2\/posts\/11397\/revisions\/11399"}],"wp:featuredmedia":[{"embeddable":true,"href":"https:\/\/stbnoticias.com\/index.php\/wp-json\/wp\/v2\/media\/11398"}],"wp:attachment":[{"href":"https:\/\/stbnoticias.com\/index.php\/wp-json\/wp\/v2\/media?parent=11397"}],"wp:term":[{"taxonomy":"category","embeddable":true,"href":"https:\/\/stbnoticias.com\/index.php\/wp-json\/wp\/v2\/categories?post=11397"},{"taxonomy":"post_tag","embeddable":true,"href":"https:\/\/stbnoticias.com\/index.php\/wp-json\/wp\/v2\/tags?post=11397"}],"curies":[{"name":"wp","href":"https:\/\/api.w.org\/{rel}","templated":true}]}}