{"id":11406,"date":"2026-01-23T20:37:04","date_gmt":"2026-01-24T00:37:04","guid":{"rendered":"https:\/\/stbnoticias.com\/?p=11406"},"modified":"2026-01-23T20:37:05","modified_gmt":"2026-01-24T00:37:05","slug":"desde-la-paz-informan-que-la-ucs-perdio-su-personeria","status":"publish","type":"post","link":"https:\/\/stbnoticias.com\/index.php\/2026\/01\/23\/desde-la-paz-informan-que-la-ucs-perdio-su-personeria\/","title":{"rendered":"Desde La Paz informan que la UCS perdi\u00f3 su personer\u00eda"},"content":{"rendered":"\n<p><em>Unidad C\u00edvica Solidaridad (UCS), partido liderado por el alcalde de Santa Cruz de la Sierra, Johnny Fern\u00e1ndez, habr\u00eda perdido su personalidad jur\u00eddica y quedar\u00eda inhabilitado para participar en las elecciones subnacionales<\/em><\/p>\n\n\n\n<figure class=\"wp-block-image size-full\"><img loading=\"lazy\" decoding=\"async\" width=\"980\" height=\"653\" src=\"https:\/\/stbnoticias.com\/wp-content\/uploads\/2026\/01\/image-16.png\" alt=\"\" class=\"wp-image-11407\" srcset=\"https:\/\/stbnoticias.com\/wp-content\/uploads\/2026\/01\/image-16.png 980w, https:\/\/stbnoticias.com\/wp-content\/uploads\/2026\/01\/image-16-300x200.png 300w, https:\/\/stbnoticias.com\/wp-content\/uploads\/2026\/01\/image-16-768x512.png 768w\" sizes=\"auto, (max-width: 980px) 100vw, 980px\" \/><\/figure>\n\n\n\n<p>Unidad C\u00edvica Solidaridad (UCS), partido liderado por el alcalde de Santa Cruz de la Sierra, Johnny Fern\u00e1ndez, habr\u00eda perdido su personalidad jur\u00eddica y quedar\u00eda inhabilitado para participar en las elecciones subnacionales, seg\u00fan versiones que hasta el momento no han sido confirmadas ni desmentidas por el TCP. El portal Urgente.bo inform\u00f3 que la Comisi\u00f3n de Admisi\u00f3n del TCP rechaz\u00f3 dos recursos que fueron presentados con el fin de que UCS se mantenga en el ruedo electoral de marzo y determin\u00f3 que el Tribunal Supremo Electoral prosiga con el proceso para la cancelaci\u00f3n de la personer\u00eda jur\u00eddica, tal como ocurri\u00f3 con ADN.<\/p>\n\n\n\n<p>Sobre el particular, el presidente la Comisi\u00f3n de Admisi\u00f3n, Edson D\u00e1valos, confirm\u00f3 este jueves que en los pr\u00f3ximos d\u00edas ser\u00e1n notificados los fallos vinculados con las subnacionales, entre ellos el tema de la personer\u00eda jur\u00eddica de UCS. En contacto con los periodistas, dijo que no pod\u00eda adelantar ning\u00fan criterio hasta que la resoluci\u00f3n tenga la firma de los magistrados y sea notificada a las partes.&nbsp;<\/p>\n\n\n\n<p>Otra alta autoridad del TCP indic\u00f3 que el lunes se proceder\u00e1 con la notificaci\u00f3n de este fallo relacionado con las elecciones. CORREO DEL SUR conoci\u00f3 que \u201cest\u00e1 en bandeja de notificaciones\u201d, lo que implica que el fallo fue emitido, pero a\u00fan no lo dieron a conocer oficialmente.<\/p>\n\n\n\n<p><\/p>\n","protected":false},"excerpt":{"rendered":"<p>Unidad C\u00edvica Solidaridad (UCS), partido liderado por el alcalde de Santa Cruz de la Sierra, Johnny Fern\u00e1ndez, habr\u00eda perdido su personalidad jur\u00eddica y quedar\u00eda inhabilitado para participar en las elecciones subnacionales Unidad C\u00edvica Solidaridad (UCS), partido liderado por el alcalde de Santa Cruz de la Sierra, Johnny Fern\u00e1ndez, habr\u00eda perdido su personalidad jur\u00eddica y quedar\u00eda [&hellip;]<\/p>\n","protected":false},"author":1,"featured_media":11407,"comment_status":"closed","ping_status":"closed","sticky":false,"template":"","format":"standard","meta":{"fifu_image_url":"","fifu_image_alt":"","footnotes":""},"categories":[43,45],"tags":[],"class_list":["post-11406","post","type-post","status-publish","format-standard","has-post-thumbnail","hentry","category-santa-cruz","category-sociedad"],"_links":{"self":[{"href":"https:\/\/stbnoticias.com\/index.php\/wp-json\/wp\/v2\/posts\/11406","targetHints":{"allow":["GET"]}}],"collection":[{"href":"https:\/\/stbnoticias.com\/index.php\/wp-json\/wp\/v2\/posts"}],"about":[{"href":"https:\/\/stbnoticias.com\/index.php\/wp-json\/wp\/v2\/types\/post"}],"author":[{"embeddable":true,"href":"https:\/\/stbnoticias.com\/index.php\/wp-json\/wp\/v2\/users\/1"}],"replies":[{"embeddable":true,"href":"https:\/\/stbnoticias.com\/index.php\/wp-json\/wp\/v2\/comments?post=11406"}],"version-history":[{"count":1,"href":"https:\/\/stbnoticias.com\/index.php\/wp-json\/wp\/v2\/posts\/11406\/revisions"}],"predecessor-version":[{"id":11408,"href":"https:\/\/stbnoticias.com\/index.php\/wp-json\/wp\/v2\/posts\/11406\/revisions\/11408"}],"wp:featuredmedia":[{"embeddable":true,"href":"https:\/\/stbnoticias.com\/index.php\/wp-json\/wp\/v2\/media\/11407"}],"wp:attachment":[{"href":"https:\/\/stbnoticias.com\/index.php\/wp-json\/wp\/v2\/media?parent=11406"}],"wp:term":[{"taxonomy":"category","embeddable":true,"href":"https:\/\/stbnoticias.com\/index.php\/wp-json\/wp\/v2\/categories?post=11406"},{"taxonomy":"post_tag","embeddable":true,"href":"https:\/\/stbnoticias.com\/index.php\/wp-json\/wp\/v2\/tags?post=11406"}],"curies":[{"name":"wp","href":"https:\/\/api.w.org\/{rel}","templated":true}]}}