{"id":11409,"date":"2026-01-26T12:52:19","date_gmt":"2026-01-26T16:52:19","guid":{"rendered":"https:\/\/stbnoticias.com\/?p=11409"},"modified":"2026-01-26T12:52:20","modified_gmt":"2026-01-26T16:52:20","slug":"diputada-liebers-presenta-proyecto-de-ley-para-declarar-prioridad-nacional-la-conclusion-del-hospital-oncologico-de-tarija","status":"publish","type":"post","link":"https:\/\/stbnoticias.com\/index.php\/2026\/01\/26\/diputada-liebers-presenta-proyecto-de-ley-para-declarar-prioridad-nacional-la-conclusion-del-hospital-oncologico-de-tarija\/","title":{"rendered":"Diputada Liebers presenta proyecto de ley para declarar prioridad nacional la conclusi\u00f3n del Hospital Oncol\u00f3gico de Tarija"},"content":{"rendered":"\n<p><strong>La diputada Liebers present\u00f3 el pasado mi\u00e9rcoles 21 de enero un Proyecto de Ley que busca declarar Prioridad Nacional la conclusi\u00f3n del proyecto \u201cConstrucci\u00f3n y Equipamiento Oncol\u00f3gico Tarija\u201d, con el objetivo de responder a los alarmantes \u00edndices de c\u00e1ncer registrados en el departamento y en el sur del pa\u00eds.<\/strong><\/p>\n\n\n\n<figure class=\"wp-block-image size-full is-resized\"><img loading=\"lazy\" decoding=\"async\" width=\"748\" height=\"377\" src=\"https:\/\/stbnoticias.com\/wp-content\/uploads\/2026\/01\/image-17.png\" alt=\"\" class=\"wp-image-11410\" style=\"width:840px;height:auto\" srcset=\"https:\/\/stbnoticias.com\/wp-content\/uploads\/2026\/01\/image-17.png 748w, https:\/\/stbnoticias.com\/wp-content\/uploads\/2026\/01\/image-17-300x151.png 300w\" sizes=\"auto, (max-width: 748px) 100vw, 748px\" \/><\/figure>\n\n\n\n<p>La iniciativa legislativa surge a partir de datos preocupantes proporcionados por el Programa de C\u00e1ncer del SEDES Tarija, que reporta que durante la gesti\u00f3n 2025 se registraron 211 nuevos casos de c\u00e1ncer en sus diferentes manifestaciones, afectando tanto a pacientes adultos como infantiles. Estas cifras evidencian la urgencia de contar con una infraestructura especializada para la atenci\u00f3n integral de esta enfermedad.<\/p>\n\n\n\n<p>El proyecto \u201cConstrucci\u00f3n y Equipamiento Oncol\u00f3gico Tarija\u201d se inici\u00f3 en el a\u00f1o 2016, ante la necesidad imperiosa de brindar atenci\u00f3n especializada no solo a la poblaci\u00f3n tarije\u00f1a, sino tambi\u00e9n a pacientes del sur de Bolivia, debido a la dimensi\u00f3n y envergadura de la obra. No obstante, tras casi diez a\u00f1os, el hospital a\u00fan no ha sido concluido.<\/p>\n\n\n\n<p>Actualmente, la infraestructura presenta un avance f\u00edsico del 73% y una inversi\u00f3n ejecutada de 100,3 millones de bolivianos, pero se encuentra paralizada por segunda vez. La primera suspensi\u00f3n se prolong\u00f3 durante cuatro a\u00f1os y la actual rige desde noviembre de 2025, debido a la falta de pago de aproximadamente 13 millones de bolivianos.<\/p>\n\n\n\n<p>Frente a este escenario, la diputada Liebers sostuvo reuniones con pacientes oncol\u00f3gicos, padres de familia, personal m\u00e9dico y movimientos ciudadanos, con el fin de escuchar sus demandas y definir alternativas viables que permitan dar certezas a este sector vulnerable. Entre los afectados se encuentran ni\u00f1os, mujeres y varones que enfrentan esta enfermedad en condiciones complejas.<\/p>\n\n\n\n<p>Seg\u00fan explic\u00f3 la legisladora, el Proyecto de Ley constituye un primer paso para impulsar, a trav\u00e9s de un marco normativo, la celeridad en la conclusi\u00f3n de la obra, adem\u00e1s de sentar las bases para que el hospital pueda iniciar posteriormente la atenci\u00f3n a pacientes en condiciones dignas, tanto para ellos como para sus familias.<\/p>\n\n\n\n<p>La diputada Liebers destac\u00f3 que la conclusi\u00f3n del Hospital Oncol\u00f3gico de Tarija tendr\u00e1 un impacto real en la vida de la poblaci\u00f3n, reafirmando su compromiso de legislar de la mano de la ciudadan\u00eda y trabajar por el bienestar del departamento y del pa\u00eds.<\/p>\n","protected":false},"excerpt":{"rendered":"<p>La diputada Liebers present\u00f3 el pasado mi\u00e9rcoles 21 de enero un Proyecto de Ley que busca declarar Prioridad Nacional la conclusi\u00f3n del proyecto \u201cConstrucci\u00f3n y Equipamiento Oncol\u00f3gico Tarija\u201d, con el objetivo de responder a los alarmantes \u00edndices de c\u00e1ncer registrados en el departamento y en el sur del pa\u00eds. La iniciativa legislativa surge a partir [&hellip;]<\/p>\n","protected":false},"author":1,"featured_media":11410,"comment_status":"closed","ping_status":"closed","sticky":false,"template":"","format":"standard","meta":{"fifu_image_url":"","fifu_image_alt":"","footnotes":""},"categories":[1],"tags":[],"class_list":["post-11409","post","type-post","status-publish","format-standard","has-post-thumbnail","hentry","category-sin-categoria"],"_links":{"self":[{"href":"https:\/\/stbnoticias.com\/index.php\/wp-json\/wp\/v2\/posts\/11409","targetHints":{"allow":["GET"]}}],"collection":[{"href":"https:\/\/stbnoticias.com\/index.php\/wp-json\/wp\/v2\/posts"}],"about":[{"href":"https:\/\/stbnoticias.com\/index.php\/wp-json\/wp\/v2\/types\/post"}],"author":[{"embeddable":true,"href":"https:\/\/stbnoticias.com\/index.php\/wp-json\/wp\/v2\/users\/1"}],"replies":[{"embeddable":true,"href":"https:\/\/stbnoticias.com\/index.php\/wp-json\/wp\/v2\/comments?post=11409"}],"version-history":[{"count":1,"href":"https:\/\/stbnoticias.com\/index.php\/wp-json\/wp\/v2\/posts\/11409\/revisions"}],"predecessor-version":[{"id":11411,"href":"https:\/\/stbnoticias.com\/index.php\/wp-json\/wp\/v2\/posts\/11409\/revisions\/11411"}],"wp:featuredmedia":[{"embeddable":true,"href":"https:\/\/stbnoticias.com\/index.php\/wp-json\/wp\/v2\/media\/11410"}],"wp:attachment":[{"href":"https:\/\/stbnoticias.com\/index.php\/wp-json\/wp\/v2\/media?parent=11409"}],"wp:term":[{"taxonomy":"category","embeddable":true,"href":"https:\/\/stbnoticias.com\/index.php\/wp-json\/wp\/v2\/categories?post=11409"},{"taxonomy":"post_tag","embeddable":true,"href":"https:\/\/stbnoticias.com\/index.php\/wp-json\/wp\/v2\/tags?post=11409"}],"curies":[{"name":"wp","href":"https:\/\/api.w.org\/{rel}","templated":true}]}}