{"id":11470,"date":"2026-03-13T11:20:05","date_gmt":"2026-03-13T15:20:05","guid":{"rendered":"https:\/\/stbnoticias.com\/?p=11470"},"modified":"2026-03-13T11:20:05","modified_gmt":"2026-03-13T15:20:05","slug":"cayo-el-narco-marset-en-santa-cruz-y-sera-llevado-a-viru-viru","status":"publish","type":"post","link":"https:\/\/stbnoticias.com\/index.php\/2026\/03\/13\/cayo-el-narco-marset-en-santa-cruz-y-sera-llevado-a-viru-viru\/","title":{"rendered":"CAY\u00d3 EL NARCO MARSET EN SANTA CRUZ Y SER\u00c1 LLEVADO A VIRU VIRU"},"content":{"rendered":"\n<p>Fuentes cercanas a la investigaci\u00f3n confirmaron que la ma\u00f1ana de este viernes fue atrapado el narcotraficante Sebasti\u00e1n Marset en la ciudad de Santa Cruz, junto a un grupo de dos personas.<\/p>\n\n\n\n<figure class=\"wp-block-image size-full is-resized\"><img loading=\"lazy\" decoding=\"async\" width=\"600\" height=\"508\" src=\"https:\/\/stbnoticias.com\/wp-content\/uploads\/2026\/03\/image-3.png\" alt=\"\" class=\"wp-image-11471\" style=\"width:840px;height:auto\" srcset=\"https:\/\/stbnoticias.com\/wp-content\/uploads\/2026\/03\/image-3.png 600w, https:\/\/stbnoticias.com\/wp-content\/uploads\/2026\/03\/image-3-300x254.png 300w\" sizes=\"auto, (max-width: 600px) 100vw, 600px\" \/><\/figure>\n\n\n\n<p>El operativo fue llevado adelante por la Polic\u00eda Boliviana en la urbanizaci\u00f3n de Las Palmas tras un seguimiento minucioso de las pistas dejadas por el narcotraficante.<\/p>\n\n\n\n<p>Las fuentes confirmaron que Marset fue detenido junto a dos personas y que en los pr\u00f3ximos minutos ser\u00e1 llevado al aeropuerto de Viru Viru.<\/p>\n\n\n\n<p>En el marco de la cooperaci\u00f3n que existe, Marset y sus colaboradores ser\u00edan entregados a la DEA.<\/p>\n","protected":false},"excerpt":{"rendered":"<p>Fuentes cercanas a la investigaci\u00f3n confirmaron que la ma\u00f1ana de este viernes fue atrapado el narcotraficante Sebasti\u00e1n Marset en la ciudad de Santa Cruz, junto a un grupo de dos personas. El operativo fue llevado adelante por la Polic\u00eda Boliviana en la urbanizaci\u00f3n de Las Palmas tras un seguimiento minucioso de las pistas dejadas por [&hellip;]<\/p>\n","protected":false},"author":1,"featured_media":11471,"comment_status":"closed","ping_status":"closed","sticky":false,"template":"","format":"standard","meta":{"fifu_image_url":"","fifu_image_alt":"","footnotes":""},"categories":[22],"tags":[],"class_list":["post-11470","post","type-post","status-publish","format-standard","has-post-thumbnail","hentry","category-bolivia"],"_links":{"self":[{"href":"https:\/\/stbnoticias.com\/index.php\/wp-json\/wp\/v2\/posts\/11470","targetHints":{"allow":["GET"]}}],"collection":[{"href":"https:\/\/stbnoticias.com\/index.php\/wp-json\/wp\/v2\/posts"}],"about":[{"href":"https:\/\/stbnoticias.com\/index.php\/wp-json\/wp\/v2\/types\/post"}],"author":[{"embeddable":true,"href":"https:\/\/stbnoticias.com\/index.php\/wp-json\/wp\/v2\/users\/1"}],"replies":[{"embeddable":true,"href":"https:\/\/stbnoticias.com\/index.php\/wp-json\/wp\/v2\/comments?post=11470"}],"version-history":[{"count":1,"href":"https:\/\/stbnoticias.com\/index.php\/wp-json\/wp\/v2\/posts\/11470\/revisions"}],"predecessor-version":[{"id":11472,"href":"https:\/\/stbnoticias.com\/index.php\/wp-json\/wp\/v2\/posts\/11470\/revisions\/11472"}],"wp:featuredmedia":[{"embeddable":true,"href":"https:\/\/stbnoticias.com\/index.php\/wp-json\/wp\/v2\/media\/11471"}],"wp:attachment":[{"href":"https:\/\/stbnoticias.com\/index.php\/wp-json\/wp\/v2\/media?parent=11470"}],"wp:term":[{"taxonomy":"category","embeddable":true,"href":"https:\/\/stbnoticias.com\/index.php\/wp-json\/wp\/v2\/categories?post=11470"},{"taxonomy":"post_tag","embeddable":true,"href":"https:\/\/stbnoticias.com\/index.php\/wp-json\/wp\/v2\/tags?post=11470"}],"curies":[{"name":"wp","href":"https:\/\/api.w.org\/{rel}","templated":true}]}}