{"id":11715,"date":"2026-04-28T08:32:38","date_gmt":"2026-04-28T12:32:38","guid":{"rendered":"https:\/\/stbnoticias.com\/?p=11715"},"modified":"2026-04-28T08:32:39","modified_gmt":"2026-04-28T12:32:39","slug":"policias-habrian-favorecido-fuga-de-preso-lo-sacaron-por-la-puerta-del-penal","status":"publish","type":"post","link":"https:\/\/stbnoticias.com\/index.php\/2026\/04\/28\/policias-habrian-favorecido-fuga-de-preso-lo-sacaron-por-la-puerta-del-penal\/","title":{"rendered":"Polic\u00edas habr\u00edan favorecido fuga de preso, lo sacaron por la puerta del penal"},"content":{"rendered":"\n<p><em>Aunque los guardias dijeron que el interno sentenciado por asesinato se escap\u00f3 camino al hospital, las c\u00e1maras demuestran que lo escoltaron hasta un taxi<\/em>.<\/p>\n\n\n\n<figure class=\"wp-block-image size-full\"><img loading=\"lazy\" decoding=\"async\" width=\"980\" height=\"735\" src=\"https:\/\/stbnoticias.com\/wp-content\/uploads\/2026\/04\/a92254fa-2208-4a73-936e-3fc4bd98ad75.jpg\" alt=\"\" class=\"wp-image-11716\" srcset=\"https:\/\/stbnoticias.com\/wp-content\/uploads\/2026\/04\/a92254fa-2208-4a73-936e-3fc4bd98ad75.jpg 980w, https:\/\/stbnoticias.com\/wp-content\/uploads\/2026\/04\/a92254fa-2208-4a73-936e-3fc4bd98ad75-300x225.jpg 300w, https:\/\/stbnoticias.com\/wp-content\/uploads\/2026\/04\/a92254fa-2208-4a73-936e-3fc4bd98ad75-768x576.jpg 768w\" sizes=\"auto, (max-width: 980px) 100vw, 980px\" \/><\/figure>\n\n\n\n<p>El Ministerio P\u00fablico este lunes inform\u00f3 la detenci\u00f3n preventiva para los siete polic\u00edas sospechosos de haber cooperado en el escape de un preso sentenciado de Morros Blancos y la investigaci\u00f3n ya result\u00f3 en evidencia de que los sujetos habr\u00edan fingido una fuga el 6 de abril, pero que en realidad lo liberaron la tarde anterior. Incluso lo habr\u00edan escoltado hasta la puerta, donde lo esperaba un taxi.<\/p>\n\n\n\n<p>Por seguridad, los efectivos investigados fueron enviados a la c\u00e1rcel de El Palmar de Yacuiba.<\/p>\n\n\n\n<p>Antecedentes<\/p>\n\n\n\n<p>El lunes 6 de abril en la ma\u00f1ana el Comando Departamental de la Polic\u00eda confirm\u00f3 la fuga de Jhuder Alex Rengifo Tarifa de 25 a\u00f1os, sentenciado por asesinato de otro preso, adem\u00e1s de otros cargos. Una primera versi\u00f3n apuntaba a que el sujeto fingi\u00f3 estar enfermo en la madrugada para que lo lleven a Emergencias y que en el trayecto escap\u00f3 del veh\u00edculo policial.<\/p>\n\n\n\n<p>Luego un polic\u00eda con grado de suboficial superior sent\u00f3 la denuncia por evasi\u00f3n ante la fuerza anticrimen. Sin embargo, la investigaci\u00f3n posterior descart\u00f3 su versi\u00f3n. Ahora \u00e9l y otros seis polic\u00edas enfrentan cargos por favorecimiento a la evasi\u00f3n e incumplimiento de deberes.<\/p>\n\n\n\n<p>\u201cEstamos en capacidad de decir que han participado de manera directa. Han querido simular una fuga porque el reo habr\u00eda salido en realidad la tarde del 5 de abril, lo habr\u00edan sacado por la puerta para que aborde un taxi\u201d, dijo el fiscal departamental, Jos\u00e9 Ernesto Mogro.<\/p>\n\n\n\n<p>Incluso habr\u00edan enga\u00f1ado a otros polic\u00edas haci\u00e9ndoles creer que iba a haber un simulacro.<\/p>\n\n\n\n<p>Mogro confirm\u00f3 que las c\u00e1maras de seguridad muestran lo ocurrido y se identifica a los implicados. Adem\u00e1s, los m\u00e9dicos del penal desvirtuaron la versi\u00f3n de una supuesta salida a Emergencias, nunca se report\u00f3 enfermo. A esto se suman declaraciones de otros presos y de otros polic\u00edas que no est\u00e1n involucrados y delataron a sus colegas.<\/p>\n\n\n\n<p>Esos siete uniformados ya guardan detenci\u00f3n preventiva en El Palmar con una detenci\u00f3n preventiva de tres meses. Aunque la Fiscal\u00eda apel\u00f3 y solicitar\u00e1 la ampliaci\u00f3n del plazo.<\/p>\n\n\n\n<p>El fiscal apunt\u00f3 que se sospecha de un pago porque \u201cesos favores no son gratis\u201d. Adem\u00e1s, dijo que todas las declaraciones ser\u00e1n presentadas como prueba de juicio.<\/p>\n","protected":false},"excerpt":{"rendered":"<p>Aunque los guardias dijeron que el interno sentenciado por asesinato se escap\u00f3 camino al hospital, las c\u00e1maras demuestran que lo escoltaron hasta un taxi. El Ministerio P\u00fablico este lunes inform\u00f3 la detenci\u00f3n preventiva para los siete polic\u00edas sospechosos de haber cooperado en el escape de un preso sentenciado de Morros Blancos y la investigaci\u00f3n ya [&hellip;]<\/p>\n","protected":false},"author":1,"featured_media":11716,"comment_status":"closed","ping_status":"closed","sticky":false,"template":"","format":"standard","meta":{"fifu_image_url":"","fifu_image_alt":"","footnotes":""},"categories":[23],"tags":[],"class_list":["post-11715","post","type-post","status-publish","format-standard","has-post-thumbnail","hentry","category-tarija"],"_links":{"self":[{"href":"https:\/\/stbnoticias.com\/index.php\/wp-json\/wp\/v2\/posts\/11715","targetHints":{"allow":["GET"]}}],"collection":[{"href":"https:\/\/stbnoticias.com\/index.php\/wp-json\/wp\/v2\/posts"}],"about":[{"href":"https:\/\/stbnoticias.com\/index.php\/wp-json\/wp\/v2\/types\/post"}],"author":[{"embeddable":true,"href":"https:\/\/stbnoticias.com\/index.php\/wp-json\/wp\/v2\/users\/1"}],"replies":[{"embeddable":true,"href":"https:\/\/stbnoticias.com\/index.php\/wp-json\/wp\/v2\/comments?post=11715"}],"version-history":[{"count":1,"href":"https:\/\/stbnoticias.com\/index.php\/wp-json\/wp\/v2\/posts\/11715\/revisions"}],"predecessor-version":[{"id":11717,"href":"https:\/\/stbnoticias.com\/index.php\/wp-json\/wp\/v2\/posts\/11715\/revisions\/11717"}],"wp:featuredmedia":[{"embeddable":true,"href":"https:\/\/stbnoticias.com\/index.php\/wp-json\/wp\/v2\/media\/11716"}],"wp:attachment":[{"href":"https:\/\/stbnoticias.com\/index.php\/wp-json\/wp\/v2\/media?parent=11715"}],"wp:term":[{"taxonomy":"category","embeddable":true,"href":"https:\/\/stbnoticias.com\/index.php\/wp-json\/wp\/v2\/categories?post=11715"},{"taxonomy":"post_tag","embeddable":true,"href":"https:\/\/stbnoticias.com\/index.php\/wp-json\/wp\/v2\/tags?post=11715"}],"curies":[{"name":"wp","href":"https:\/\/api.w.org\/{rel}","templated":true}]}}